{"id":3806,"date":"2026-03-02T12:00:00","date_gmt":"2026-03-02T12:00:00","guid":{"rendered":"https:\/\/criteriumdiagnosticos.com.br\/blog\/?p=3806"},"modified":"2026-03-02T12:00:00","modified_gmt":"2026-03-02T12:00:00","slug":"tomografia-e-ressonancia-magnetica-em-fortaleza-para-usuarios-da-famed-qualidade-tecnologia-e-confianca-na-criterium-diagnosticosantiga-sao-camilo-imagem","status":"publish","type":"post","link":"https:\/\/criteriumdiagnosticos.com.br\/blog\/tomografia-e-ressonancia-magnetica-em-fortaleza-para-usuarios-da-famed-qualidade-tecnologia-e-confianca-na-criterium-diagnosticosantiga-sao-camilo-imagem\/","title":{"rendered":"Tomografia e Resson\u00e2ncia Magn\u00e9tica em Fortaleza para usu\u00e1rios da FAMED: qualidade, tecnologia e confian\u00e7a na Criterium Diagn\u00f3sticos"},"content":{"rendered":"\n<p>Se voc\u00ea \u00e9 benefici\u00e1rio da FAMED (Fundo de Assist\u00eancia \u00e0 Sa\u00fade dos Funcion\u00e1rios do BEC) e precisa realizar Tomografia Computadorizada (TC) ou Resson\u00e2ncia Magn\u00e9tica (RM) em Fortaleza, conte com a estrutura e a excel\u00eancia da Criterium Diagn\u00f3sticos, localizada dentro do Hospital S\u00e3o Camilo Cura d\u2019Ars.<\/p>\n\n\n\n<p><br>Somos a antiga S\u00e3o Camilo Imagem. Mudamos o nome, mas o nosso compromisso com qualidade, agilidade e precis\u00e3o diagn\u00f3stica continua o mesmo \u2014 agora ainda mais fortalecido.<\/p>\n\n\n\n<p><\/p>\n\n\n\n<p><strong>Criterium Diagn\u00f3sticos: refer\u00eancia em Tomografia e Resson\u00e2ncia Magn\u00e9tica em Fortaleza<br><\/strong><\/p>\n\n\n\n<p>A Criterium Diagn\u00f3sticos (Instituto de Diagn\u00f3stico por Imagem Ltda \u2013 CNPJ 26.698.786\/0001-56) \u00e9 credenciada \u00e0 FAMED, oferecendo uma ampla gama de exames de imagem com crit\u00e9rios t\u00e9cnicos rigorosos e valores formalmente estabelecidos junto \u00e0 operadora.<\/p>\n\n\n\n<p><br><strong>Atendemos usu\u00e1rios da FAMED com:<br><\/strong>\u2705 Tomografia Computadorizada (TC)<br>\u2705 Angiotomografias<br>\u2705 Resson\u00e2ncia Magn\u00e9tica (RM)<br>\u2705 Angiorresson\u00e2ncias<br>\u2705 Exames com t\u00e9cnicas avan\u00e7adas como perfus\u00e3o e espectroscopia por RM<\/p>\n\n\n\n<p><br><strong>Tudo isso com equipe m\u00e9dica especializada e estrutura hospitalar completa.<\/strong><\/p>\n\n\n\n<p><strong>Tomografia Computadorizada em Fortaleza \u2013 FAMED<br><\/strong>A Tomografia Computadorizada (TC) \u00e9 um exame fundamental para diagn\u00f3sticos r\u00e1pidos e precisos, especialmente em situa\u00e7\u00f5es de urg\u00eancia e investiga\u00e7\u00e3o detalhada.<\/p>\n\n\n\n<p><br><strong>Na Criterium, realizamos exames como:<\/strong><\/p>\n\n\n\n<ul class=\"wp-block-list\">\n<li>TC de cr\u00e2nio<\/li>\n\n\n\n<li>TC de t\u00f3rax<\/li>\n\n\n\n<li>TC de abdome total<\/li>\n\n\n\n<li>TC de coluna<\/li>\n\n\n\n<li>TC de pelve<\/li>\n\n\n\n<li>Angiotomografias arteriais e venosas<\/li>\n\n\n\n<li>Angiotomografia pulmonar<\/li>\n\n\n\n<li>Angiotomografia de aorta (tor\u00e1cica e abdominal)<\/li>\n<\/ul>\n\n\n\n<p><strong>Resson\u00e2ncia Magn\u00e9tica em Fortaleza \u2013 Alta defini\u00e7\u00e3o e precis\u00e3o diagn\u00f3stica<br><\/strong>A Resson\u00e2ncia Magn\u00e9tica (RM) \u00e9 indicada para avalia\u00e7\u00e3o detalhada de estruturas neurol\u00f3gicas, musculoesquel\u00e9ticas, abdominais e vasculares.<br><\/p>\n\n\n\n<p><strong>Entre os principais exames oferecidos aos usu\u00e1rios FAMED:<\/strong><\/p>\n\n\n\n<ul class=\"wp-block-list\">\n<li>RM de enc\u00e9falo (cr\u00e2nio)<\/li>\n\n\n\n<li>RM de coluna cervical, dorsal e lombar<\/li>\n\n\n\n<li>RM de abdome superior<\/li>\n\n\n\n<li>RM de pelve<\/li>\n\n\n\n<li>RM de articula\u00e7\u00f5es<\/li>\n\n\n\n<li>Angio-RM arterial e venosa<\/li>\n\n\n\n<li>Perfus\u00e3o cerebral por RM<\/li>\n\n\n\n<li>Espectroscopia por RM<\/li>\n<\/ul>\n\n\n\n<p><strong>Nossa prioridade \u00e9 oferecer:<\/strong><\/p>\n\n\n\n<ul class=\"wp-block-list\">\n<li>Alta qualidade de imagem<\/li>\n\n\n\n<li>Interpreta\u00e7\u00e3o especializada por radiologistas experientes<\/li>\n\n\n\n<li>Agilidade na entrega dos laudos<\/li>\n\n\n\n<li>Atendimento humanizado<\/li>\n<\/ul>\n\n\n\n<p>Estamos dentro do Hospital S\u00e3o Camilo Cura d\u2019Ars. Um dos nossos grandes diferenciais \u00e9 funcionar dentro do Hospital S\u00e3o Camilo Cura d\u2019Ars, em Fortaleza.<\/p>\n\n\n\n<p>Isso significa:<\/p>\n\n\n\n<ul class=\"wp-block-list\">\n<li>Maior seguran\u00e7a para o paciente<\/li>\n\n\n\n<li>Suporte hospitalar imediato, se necess\u00e1rio<\/li>\n\n\n\n<li>Integra\u00e7\u00e3o com equipes assistenciais<\/li>\n\n\n\n<li>Estrutura adequada para pacientes internados e ambulatoriais<br>Se voc\u00ea j\u00e1 realizou exames quando \u00e9ramos S\u00e3o Camilo Imagem, pode ficar tranquilo: somos a mesma equipe, no mesmo local, com a mesma seriedade \u2014 apenas com um novo nome que reflete nossa evolu\u00e7\u00e3o.<\/li>\n<\/ul>\n\n\n\n<p><strong>Por que escolher a Criterium Diagn\u00f3sticos para Tomografia e Resson\u00e2ncia Magn\u00e9tica em Fortaleza?<br><\/strong>A Criterium se destaca por:<br><strong>\u2714\ufe0f Capacidade t\u00e9cnica<br><\/strong>Equipe formada por m\u00e9dicos radiologistas altamente qualificados.<br><strong>\u2714\ufe0f Compromisso com prazos<br><\/strong>Sabemos que diagn\u00f3stico r\u00e1pido impacta diretamente na conduta m\u00e9dica.<br><strong>\u2714\ufe0f \u00c9tica e transpar\u00eancia<br><\/strong>Atuamos com crit\u00e9rios contratuais formalizados junto \u00e0 FAMED<br><strong>\u2714\ufe0f Atendimento humanizado<br><\/strong>Cuidamos de cada paciente com respeito, acolhimento e aten\u00e7\u00e3o individualizada.<\/p>\n\n\n\n<p><strong>Como agendar Tomografia ou Resson\u00e2ncia pela FAMED em Fortaleza?<br><\/strong>Se voc\u00ea \u00e9 benefici\u00e1rio da FAMED e recebeu solicita\u00e7\u00e3o m\u00e9dica para:<\/p>\n\n\n\n<ul class=\"wp-block-list\">\n<li>Tomografia Computadorizada<\/li>\n\n\n\n<li>Resson\u00e2ncia Magn\u00e9tica<\/li>\n\n\n\n<li>Angiotomografia<\/li>\n\n\n\n<li>Angiorresson\u00e2ncia<br>Entre em contato com a Criterium Diagn\u00f3sticos, dentro do Hospital S\u00e3o Camilo Cura d\u2019Ars, e nossa equipe orientar\u00e1 sobre:<\/li>\n\n\n\n<li>Documenta\u00e7\u00e3o necess\u00e1ria <\/li>\n\n\n\n<li>Autoriza\u00e7\u00e3o pr\u00e9via (quando aplic\u00e1vel)<\/li>\n\n\n\n<li>Preparo para o exame<\/li>\n\n\n\n<li>Prazo de realiza\u00e7\u00e3o<\/li>\n<\/ul>\n\n\n\n<p>Criterium Diagn\u00f3sticos \u2013 Fortaleza\/CE<br>Dentro do Hospital S\u00e3o Camilo da rede Cura d\u2019Ars em Fortaleza\/CE &#8211; Antiga S\u00e3o Camilo Imagem<br>Especializada em Tomografia e Resson\u00e2ncia Magn\u00e9tica<br>Credenciada FAMED<br>Mudamos o nome.<br>Mantivemos o compromisso.<br>Elevamos o padr\u00e3o.<br>Se voc\u00ea procura Tomografia em Fortaleza pela FAMED ou Resson\u00e2ncia Magn\u00e9tica em Fortaleza com qualidade e seguran\u00e7a, conte com a Criterium Diagn\u00f3sticos.<br><br><br><strong>Saiba mais:<\/strong><br>\ud83c\udf10 Site: <a href=\"http:\/\/criteriumdiagnosticoscombrblog.local\/\">http:\/\/criteriumdiagnosticoscombrblog.local\/<\/a><br>\ud83d\udcf1 WhatsApp: <a href=\"https:\/\/wa.me\/5585981194819\">https:\/\/wa.me\/5585981194819<\/a><br>\ud83d\udcde Central de Atendimento: (85) 3031-1900<br>\ud83d\udccd Rua Costa Barros 833, T\u00e9rreo. Centro. Fortaleza-CE. CEP 60.160-280<\/p>\n\n\n\n<p><\/p>\n\n\n\n<p><strong>Respons\u00e1vel t\u00e9cnico:<\/strong><\/p>\n\n\n\n<p><strong>Dr. Carlos Leite de Macedo Filho<\/strong><br>M\u00e9dico Radiologista<br>CREMEC 8059 \/ RQE 7574<\/p>\n\n\n\n<script type=\"application\/ld+json\">\n{\n  \"@context\": \"https:\/\/schema.org\",\n  \"@graph\": [\n    {\n      \"@type\": \"MedicalClinic\",\n      \"@id\": \"https:\/\/criteriumdiagnosticos.com.br\/#medicalclinic\",\n      \"name\": \"Criterium Diagn\u00f3sticos\",\n      \"alternateName\": [\n        \"Instituto de Diagn\u00f3stico por Imagem Ltda\",\n        \"S\u00e3o Camilo Imagem\",\n        \"Antiga S\u00e3o Camilo Imagem\"\n      ],\n      \"url\": \"https:\/\/criteriumdiagnosticos.com.br\/\",\n      \"logo\": \"https:\/\/criteriumdiagnosticos.com.br\/_ipx\/f_webp%26q_80\/Criterium_logo.png\",\n      \"image\": [\n        \"https:\/\/criteriumdiagnosticos.com.br\/blog\/wp-content\/uploads\/2026\/03\/tomografiaFamed-1200x600.png\",\n        \"https:\/\/criteriumdiagnosticos.com.br\/_ipx\/f_webp%26q_80\/Criterium_logo.png\"\n      ],\n      \"description\": \"A Criterium Diagn\u00f3sticos, antiga S\u00e3o Camilo Imagem, \u00e9 uma cl\u00ednica de diagn\u00f3stico por imagem em Fortaleza-CE, localizada dentro do Hospital S\u00e3o Camilo Cura d\u2019Ars, com atua\u00e7\u00e3o em Tomografia Computadorizada, Angiotomografia, Resson\u00e2ncia Magn\u00e9tica, Angiorresson\u00e2ncia e exames avan\u00e7ados de imagem.\",\n      \"telephone\": [\n        \"+55-85-3031-1900\",\n        \"+55-85-98119-4819\"\n      ],\n      \"priceRange\": \"$$\",\n      \"address\": {\n        \"@type\": \"PostalAddress\",\n        \"streetAddress\": \"Rua Costa Barros, 833, T\u00e9rreo\",\n        \"addressLocality\": \"Fortaleza\",\n        \"addressRegion\": \"CE\",\n        \"postalCode\": \"60160-280\",\n        \"addressCountry\": \"BR\"\n      },\n      \"medicalSpecialty\": [\n        \"Radiology\",\n        \"DiagnosticRadiology\"\n      ],\n      \"sameAs\": [\n        \"https:\/\/www.instagram.com\/criterium.diagnosticos\/\",\n        \"https:\/\/www.facebook.com\/criteriumdiagnosticos\",\n        \"https:\/\/linkedin.com\/company\/criteriumdiagnosticos\",\n        \"https:\/\/www.tiktok.com\/@criteriumdiagnosticos\",\n        \"https:\/\/medium.com\/@criteriumdiagnosticos\",\n        \"https:\/\/substack.com\/@criteriumdiagnosticos\"\n      ]\n    },\n    {\n      \"@type\": \"MedicalBusiness\",\n      \"@id\": \"https:\/\/criteriumdiagnosticos.com.br\/#medicalbusiness\",\n      \"name\": \"Criterium Diagn\u00f3sticos\",\n      \"url\": \"https:\/\/criteriumdiagnosticos.com.br\/\",\n      \"telephone\": [\n        \"+55-85-3031-1900\",\n        \"+55-85-98119-4819\"\n      ],\n      \"priceRange\": \"$$\",\n      \"image\": [\n        \"https:\/\/criteriumdiagnosticos.com.br\/blog\/wp-content\/uploads\/2026\/03\/tomografiaFamed-1200x600.png\",\n        \"https:\/\/criteriumdiagnosticos.com.br\/_ipx\/f_webp%26q_80\/Criterium_logo.png\"\n      ],\n      \"address\": {\n        \"@type\": \"PostalAddress\",\n        \"streetAddress\": \"Rua Costa Barros, 833, T\u00e9rreo\",\n        \"addressLocality\": \"Fortaleza\",\n        \"addressRegion\": \"CE\",\n        \"postalCode\": \"60160-280\",\n        \"addressCountry\": \"BR\"\n      },\n      \"parentOrganization\": {\n        \"@id\": \"https:\/\/criteriumdiagnosticos.com.br\/#medicalclinic\"\n      },\n      \"description\": \"Servi\u00e7o de apoio diagn\u00f3stico por imagem em Fortaleza, com atendimento a usu\u00e1rios FAMED para tomografia, angiotomografia, resson\u00e2ncia magn\u00e9tica, angiorresson\u00e2ncia e exames avan\u00e7ados.\"\n    },\n    {\n      \"@type\": \"Physician\",\n      \"@id\": \"https:\/\/criteriumdiagnosticos.com.br\/#drcarlosmacedo\",\n      \"name\": \"Dr. Carlos Leite de Macedo Filho\",\n      \"alternateName\": \"Dr. Carlos Macedo\",\n      \"description\": \"M\u00e9dico Radiologista. Respons\u00e1vel t\u00e9cnico da Criterium Diagn\u00f3sticos.\",\n      \"telephone\": \"+55-85-3031-1900\",\n      \"priceRange\": \"$$\",\n      \"image\": \"https:\/\/criteriumdiagnosticos.com.br\/_ipx\/f_webp%26q_80\/Criterium_logo.png\",\n      \"address\": {\n        \"@type\": \"PostalAddress\",\n        \"streetAddress\": \"Rua Costa Barros, 833, T\u00e9rreo\",\n        \"addressLocality\": \"Fortaleza\",\n        \"addressRegion\": \"CE\",\n        \"postalCode\": \"60160-280\",\n        \"addressCountry\": \"BR\"\n      },\n      \"medicalSpecialty\": [\n        \"Radiology\",\n        \"DiagnosticRadiology\"\n      ],\n      \"worksFor\": {\n        \"@id\": \"https:\/\/criteriumdiagnosticos.com.br\/#medicalclinic\"\n      },\n      \"memberOf\": [\n        {\n          \"@type\": \"Organization\",\n          \"name\": \"Col\u00e9gio Brasileiro de Radiologia e Diagn\u00f3stico por Imagem\"\n        },\n        {\n          \"@type\": \"Organization\",\n          \"name\": \"RSNA\"\n        }\n      ],\n      \"identifier\": [\n        {\n          \"@type\": \"PropertyValue\",\n          \"name\": \"CREMEC\",\n          \"value\": \"8059\"\n        },\n        {\n          \"@type\": \"PropertyValue\",\n          \"name\": \"RQE\",\n          \"value\": \"7574\"\n        }\n      ],\n      \"sameAs\": [\n        \"https:\/\/www.linkedin.com\/in\/drcarlosmacedo\",\n        \"https:\/\/www.instagram.com\/drcarlos.macedo\/\"\n      ]\n    },\n    {\n      \"@type\": \"WebSite\",\n      \"@id\": \"https:\/\/criteriumdiagnosticos.com.br\/#website\",\n      \"url\": \"https:\/\/criteriumdiagnosticos.com.br\/\",\n      \"name\": \"Criterium Diagn\u00f3sticos\",\n      \"publisher\": {\n        \"@id\": \"https:\/\/criteriumdiagnosticos.com.br\/#medicalclinic\"\n      },\n      \"inLanguage\": \"pt-BR\",\n      \"potentialAction\": {\n        \"@type\": \"SearchAction\",\n        \"target\": \"https:\/\/criteriumdiagnosticos.com.br\/?s={search_term_string}\",\n        \"query-input\": \"required name=search_term_string\"\n      }\n    },\n    {\n      \"@type\": \"WebPage\",\n      \"@id\": \"https:\/\/criteriumdiagnosticos.com.br\/blog\/tomografia-e-ressonancia-magnetica-em-fortaleza-para-usuarios-da-famed-qualidade-tecnologia-e-confianca-na-criterium-diagnosticosantiga-sao-camilo-imagem\/#webpage\",\n      \"url\": \"https:\/\/criteriumdiagnosticos.com.br\/blog\/tomografia-e-ressonancia-magnetica-em-fortaleza-para-usuarios-da-famed-qualidade-tecnologia-e-confianca-na-criterium-diagnosticosantiga-sao-camilo-imagem\/\",\n      \"name\": \"Tomografia e Resson\u00e2ncia Magn\u00e9tica em Fortaleza para usu\u00e1rios da FAMED: qualidade, tecnologia e confian\u00e7a na Criterium Diagn\u00f3sticos (antiga S\u00e3o Camilo Imagem)\",\n      \"isPartOf\": {\n        \"@id\": \"https:\/\/criteriumdiagnosticos.com.br\/#website\"\n      },\n      \"primaryImageOfPage\": {\n        \"@type\": \"ImageObject\",\n        \"url\": \"https:\/\/criteriumdiagnosticos.com.br\/blog\/wp-content\/uploads\/2026\/03\/tomografiaFamed-1200x600.png\"\n      },\n      \"inLanguage\": \"pt-BR\"\n    },\n    {\n      \"@type\": \"BlogPosting\",\n      \"@id\": \"https:\/\/criteriumdiagnosticos.com.br\/blog\/tomografia-e-ressonancia-magnetica-em-fortaleza-para-usuarios-da-famed-qualidade-tecnologia-e-confianca-na-criterium-diagnosticosantiga-sao-camilo-imagem\/#blogposting\",\n      \"mainEntityOfPage\": {\n        \"@id\": \"https:\/\/criteriumdiagnosticos.com.br\/blog\/tomografia-e-ressonancia-magnetica-em-fortaleza-para-usuarios-da-famed-qualidade-tecnologia-e-confianca-na-criterium-diagnosticosantiga-sao-camilo-imagem\/#webpage\"\n      },\n      \"headline\": \"Tomografia e Resson\u00e2ncia Magn\u00e9tica em Fortaleza para usu\u00e1rios da FAMED: qualidade, tecnologia e confian\u00e7a na Criterium Diagn\u00f3sticos (antiga S\u00e3o Camilo Imagem)\",\n      \"description\": \"Conte\u00fado informativo sobre tomografia, angiotomografia, resson\u00e2ncia magn\u00e9tica, angiorresson\u00e2ncia, perfus\u00e3o e espectroscopia por RM para benefici\u00e1rios da FAMED em Fortaleza.\",\n      \"image\": [\n        \"https:\/\/criteriumdiagnosticos.com.br\/blog\/wp-content\/uploads\/2026\/03\/tomografiaFamed-1200x600.png\"\n      ],\n      \"datePublished\": \"2026-03-02T00:00:00-03:00\",\n      \"dateModified\": \"2026-04-16T00:00:00-03:00\",\n      \"author\": {\n        \"@id\": \"https:\/\/criteriumdiagnosticos.com.br\/#drcarlosmacedo\"\n      },\n      \"publisher\": {\n        \"@id\": \"https:\/\/criteriumdiagnosticos.com.br\/#medicalclinic\"\n      },\n      \"keywords\": [\n        \"FAMED Fortaleza\",\n        \"Tomografia em Fortaleza\",\n        \"Resson\u00e2ncia Magn\u00e9tica em Fortaleza\",\n        \"Tomografia pela FAMED\",\n        \"Resson\u00e2ncia pela FAMED\",\n        \"Criterium Diagn\u00f3sticos\",\n        \"S\u00e3o Camilo Imagem\"\n      ]\n    }\n  ]\n}\n<\/script>\n\n\n\n<p><\/p>\n","protected":false},"excerpt":{"rendered":"<p>Se voc\u00ea \u00e9 benefici\u00e1rio da FAMED (Fundo de Assist\u00eancia \u00e0 Sa\u00fade dos Funcion\u00e1rios do BEC) e precisa realizar Tomografia Computadorizada (TC) ou Resson\u00e2ncia Magn\u00e9tica (RM)&#8230;<\/p>\n","protected":false},"author":1,"featured_media":3823,"comment_status":"open","ping_status":"open","sticky":false,"template":"","format":"standard","meta":{"_joinchat":[],"footnotes":""},"categories":[2,6,9],"tags":[21,36,38,75,83],"class_list":["post-3806","post","type-post","status-publish","format-standard","has-post-thumbnail","hentry","category-convenio","category-ressonancia","category-tomografia","tag-convenio","tag-exame-ressonancia","tag-famed","tag-ressonancia-fortaleza","tag-tomografia"],"_links":{"self":[{"href":"https:\/\/criteriumdiagnosticos.com.br\/blog\/wp-json\/wp\/v2\/posts\/3806","targetHints":{"allow":["GET"]}}],"collection":[{"href":"https:\/\/criteriumdiagnosticos.com.br\/blog\/wp-json\/wp\/v2\/posts"}],"about":[{"href":"https:\/\/criteriumdiagnosticos.com.br\/blog\/wp-json\/wp\/v2\/types\/post"}],"author":[{"embeddable":true,"href":"https:\/\/criteriumdiagnosticos.com.br\/blog\/wp-json\/wp\/v2\/users\/1"}],"replies":[{"embeddable":true,"href":"https:\/\/criteriumdiagnosticos.com.br\/blog\/wp-json\/wp\/v2\/comments?post=3806"}],"version-history":[{"count":0,"href":"https:\/\/criteriumdiagnosticos.com.br\/blog\/wp-json\/wp\/v2\/posts\/3806\/revisions"}],"wp:featuredmedia":[{"embeddable":true,"href":"https:\/\/criteriumdiagnosticos.com.br\/blog\/wp-json\/wp\/v2\/media\/3823"}],"wp:attachment":[{"href":"https:\/\/criteriumdiagnosticos.com.br\/blog\/wp-json\/wp\/v2\/media?parent=3806"}],"wp:term":[{"taxonomy":"category","embeddable":true,"href":"https:\/\/criteriumdiagnosticos.com.br\/blog\/wp-json\/wp\/v2\/categories?post=3806"},{"taxonomy":"post_tag","embeddable":true,"href":"https:\/\/criteriumdiagnosticos.com.br\/blog\/wp-json\/wp\/v2\/tags?post=3806"}],"curies":[{"name":"wp","href":"https:\/\/api.w.org\/{rel}","templated":true}]}}