{"id":3804,"date":"2026-03-02T12:55:00","date_gmt":"2026-03-02T12:55:00","guid":{"rendered":"https:\/\/criteriumdiagnosticos.com.br\/blog\/?p=3804"},"modified":"2026-03-02T12:55:00","modified_gmt":"2026-03-02T12:55:00","slug":"tomografia-e-ressonancia-magnetica-para-beneficiarios-da-fachesf-em-fortaleza-tecnologia-seguranca-e-tradicaona-criterium-diagnosticosantiga-sao-camilo-imagem","status":"publish","type":"post","link":"https:\/\/criteriumdiagnosticos.com.br\/blog\/tomografia-e-ressonancia-magnetica-para-beneficiarios-da-fachesf-em-fortaleza-tecnologia-seguranca-e-tradicaona-criterium-diagnosticosantiga-sao-camilo-imagem\/","title":{"rendered":"Tomografia e Resson\u00e2ncia Magn\u00e9tica para benefici\u00e1rios da FACHESF em Fortaleza: tecnologia, seguran\u00e7a e tradi\u00e7\u00e3o na Criterium Diagn\u00f3sticos"},"content":{"rendered":"\n<p>Se voc\u00ea \u00e9 benefici\u00e1rio da FACHESF e precisa realizar Tomografia Computadorizada (TC) ou Resson\u00e2ncia Magn\u00e9tica (RM) em Fortaleza, \u00e9 fundamental escolher um servi\u00e7o que una qualidade t\u00e9cnica, seguran\u00e7a<br>hospitalar e agilidade no atendimento.<br>A Criterium Diagn\u00f3sticos funciona dentro do Hospital S\u00e3o Camilo Cura d\u2019Ars, oferecendo exames de alta complexidade com a mesma equipe e o mesmo compromisso que sempre marcaram nossa hist\u00f3ria.<br>Mudamos o nome. O compromisso com voc\u00ea continua exatamente o mesmo.<\/p>\n\n\n\n<p><strong>Criterium Diagn\u00f3sticos: credenciada para atender FACHESF<\/strong><br>A Criterium Diagn\u00f3sticos (Instituto de Diagn\u00f3stico por Imagem Ltda \u2013 CNPJ 26.698.786\/0001-56) \u00e9 prestadora credenciada da FACHESF, conforme contrato vigente para servi\u00e7os de diagn\u00f3stico por imagem, incluindo:<\/p>\n\n\n\n<ul class=\"wp-block-list\">\n<li>Tomografia Computadorizada<\/li>\n\n\n\n<li> Resson\u00e2ncia Magn\u00e9tica<\/li>\n\n\n\n<li> Radiologia<\/li>\n\n\n\n<li> Ultrassonografia<\/li>\n\n\n\n<li>Densitometria \u00f3ssea<\/li>\n<\/ul>\n\n\n\n<p><strong>Isso significa que o benefici\u00e1rio FACHESF conta com:<\/strong><\/p>\n\n\n\n<ul class=\"wp-block-list\">\n<li> Atendimento conforme diretrizes regulat\u00f3rias<\/li>\n\n\n\n<li> Processos padronizados (TISS)<\/li>\n\n\n\n<li> Seguran\u00e7a contratual e assistencial<\/li>\n\n\n\n<li> Estrutura habilitada e regularizada<\/li>\n<\/ul>\n\n\n\n<p><strong>Tomografia Computadorizada (TC) em Fortaleza para FACHESF<br><\/strong>A Tomografia Computadorizada \u00e9 um exame de imagem que utiliza raios X e processamento digital para gerar imagens detalhadas do corpo em cortes milim\u00e9tricos.<\/p>\n\n\n\n<p><br><strong>Principais indica\u00e7\u00f5es:<\/strong><\/p>\n\n\n\n<ul class=\"wp-block-list\">\n<li> Investiga\u00e7\u00e3o de dor abdominal<\/li>\n\n\n\n<li> Avalia\u00e7\u00e3o pulmonar<\/li>\n\n\n\n<li> Diagn\u00f3stico de AVC<\/li>\n\n\n\n<li> Traumas<\/li>\n\n\n\n<li> Pesquisa de c\u00e1lculos renais<\/li>\n\n\n\n<li> Avalia\u00e7\u00e3o oncol\u00f3gica<\/li>\n\n\n\n<li> Angiotomografias<br> <\/li>\n<\/ul>\n\n\n\n<p><strong>Diferenciais da Criterium:<\/strong><\/p>\n\n\n\n<ul class=\"wp-block-list\">\n<li>Funcionamento dentro de ambiente hospitalar (Hospital S\u00e3o Camilo)<\/li>\n\n\n\n<li>Atendimento ambulatorial organizado<\/li>\n\n\n\n<li>Protocolos atualizados<\/li>\n\n\n\n<li>Equipe m\u00e9dica especializada em Radiologia<\/li>\n\n\n\n<li>Integra\u00e7\u00e3o com equipe cl\u00ednica hospitalar em casos de urg\u00eancia<\/li>\n<\/ul>\n\n\n\n<p><strong>Resson\u00e2ncia Magn\u00e9tica (RM) em Fortaleza para benefici\u00e1rios FACHESF<br><\/strong>A Resson\u00e2ncia Magn\u00e9tica \u00e9 um exame de alta precis\u00e3o que utiliza campo magn\u00e9tico, sem radia\u00e7\u00e3o ionizante, sendo ideal para avalia\u00e7\u00e3o detalhada de:<\/p>\n\n\n\n<ul class=\"wp-block-list\">\n<li>Enc\u00e9falo (RM de cr\u00e2nio)<\/li>\n\n\n\n<li>Coluna cervical, tor\u00e1cica e lombar<\/li>\n\n\n\n<li>Articula\u00e7\u00f5es (joelho, ombro, quadril)<\/li>\n\n\n\n<li>Abdome e pelve<\/li>\n\n\n\n<li>Estudo vascular<\/li>\n\n\n\n<li>Investiga\u00e7\u00e3o de tumores<br><\/li>\n<\/ul>\n\n\n\n<p><strong>Segundo a tabela vigente do prestador junto \u00e0 FACHESF, constam diversos<br>exames de RM como:<\/strong><\/p>\n\n\n\n<ul class=\"wp-block-list\">\n<li>RM de cr\u00e2nio (enc\u00e9falo)<\/li>\n\n\n\n<li>RM de sela t\u00farcica<\/li>\n\n\n\n<li>RM de face<\/li>\n\n\n\n<li>RM de pesco\u00e7o<\/li>\n\n\n\n<li>RM de t\u00f3rax<\/li>\n<\/ul>\n\n\n\n<p>Isso demonstra a amplitude de cobertura e estrutura t\u00e9cnica dispon\u00edvel para os benefici\u00e1rios. Estamos dentro do Hospital S\u00e3o Camilo Cura d\u2019Ars.<br><\/p>\n\n\n\n<p><strong>Um dos nossos grandes diferenciais \u00e9 a localiza\u00e7\u00e3o estrat\u00e9gica dentro do Hospital S\u00e3o Camilo, garantindo:<\/strong><\/p>\n\n\n\n<ul class=\"wp-block-list\">\n<li>Seguran\u00e7a hospitalar<\/li>\n\n\n\n<li>Apoio em casos de intercorr\u00eancia<\/li>\n\n\n\n<li>Facilidade para pacientes internados<\/li>\n\n\n\n<li>Conforto e infraestrutura adequada<\/li>\n\n\n\n<li>Integra\u00e7\u00e3o com equipes m\u00e9dicas assistentes<br><\/li>\n<\/ul>\n\n\n\n<p>A Criterium Diagn\u00f3sticos \u00e9 a antiga S\u00e3o Camilo Imagem.<br>A estrutura \u00e9 a mesma. <br>A equipe \u00e9 a mesma.<br>O padr\u00e3o t\u00e9cnico continua elevado.<br>Apenas evolu\u00edmos o nome para refletir nossa identidade institucional.<\/p>\n\n\n\n<p><strong>Agilidade no atendimento para FACHESF<\/strong><br>Sabemos que tempo \u00e9 essencial, principalmente em sa\u00fade. Por isso, trabalhamos com:<\/p>\n\n\n\n<ul class=\"wp-block-list\">\n<li>Organiza\u00e7\u00e3o de agenda eficiente<\/li>\n\n\n\n<li>Fluxo estruturado para exames eletivos<\/li>\n\n\n\n<li>Atendimento humanizado<\/li>\n\n\n\n<li>Comunica\u00e7\u00e3o clara sobre preparo e autoriza\u00e7\u00e3o<\/li>\n<\/ul>\n\n\n\n<p>Nosso compromisso \u00e9 alinhar agilidade + humanismo + capacidade t\u00e9cnica + \u00e9tica, valores que norteiam a Criterium Diagn\u00f3sticos.<\/p>\n\n\n\n<p><strong>Como agendar Tomografia ou Resson\u00e2ncia Magn\u00e9tica pela FACHESF em Fortaleza?<\/strong><\/p>\n\n\n\n<ol class=\"wp-block-list\">\n<li>Consulte seu m\u00e9dico assistente.<\/li>\n\n\n\n<li>Verifique se o exame exige autoriza\u00e7\u00e3o pr\u00e9via da FACHESF.<\/li>\n\n\n\n<li>Entre em contato com a Criterium Diagn\u00f3sticos.<\/li>\n\n\n\n<li>Agende seu exame com nossa equipe.<br>Endere\u00e7o: Rua Costa Barros, 833 \u2013 Centro \u2013 Fortaleza\/CE<br>Telefone: (85) 3031-1900<br>Dentro do Hospital S\u00e3o Camilo \u2013 Unidade S\u00e3o Camilo Cura d\u2019Ars<\/li>\n<\/ol>\n\n\n\n<p><strong>Por que escolher a Criterium Diagn\u00f3sticos?<\/strong><br>\u2714 Credenciada FACHESF<br>\u2714 Estrutura hospitalar<br>\u2714 Tecnologia em Tomografia e Resson\u00e2ncia Magn\u00e9tica<br>\u2714 Equipe especializada<br>\u2714 Tradi\u00e7\u00e3o como antiga S\u00e3o Camilo Imagem<br>\u2714 Compromisso mantido com excel\u00eancia<\/p>\n\n\n\n<p><br>Se voc\u00ea \u00e9 benefici\u00e1rio da FACHESF e precisa realizar Tomografia Computadorizada ou Resson\u00e2ncia Magn\u00e9tica em Fortaleza, conte com a experi\u00eancia, seguran\u00e7a e tradi\u00e7\u00e3o da Criterium Diagn\u00f3sticos.<br>Mudamos o nome. Mas o cuidado com voc\u00ea continua o mesmo.<\/p>\n\n\n\n<p><\/p>\n\n\n\n<p><strong>Saiba mais:<\/strong><\/p>\n\n\n\n<p>\ud83c\udf10 Site: <a href=\"http:\/\/criteriumdiagnosticoscombrblog.local\/\">http:\/\/criteriumdiagnosticoscombrblog.local\/<\/a><br>\ud83d\udcf1 WhatsApp: <a href=\"https:\/\/wa.me\/5585981194819\">https:\/\/wa.me\/5585981194819<\/a><br>\ud83d\udcde Central de Atendimento: (85) 3031-1900<br>\ud83d\udccd Rua Costa Barros 833, T\u00e9rreo. Centro. Fortaleza-CE. CEP 60.160-280<\/p>\n\n\n\n<p><br><br><strong>Respons\u00e1vel t\u00e9cnico:<\/strong><\/p>\n\n\n\n<p><strong>Dr. Carlos Leite de Macedo Filho<\/strong><br>M\u00e9dico Radiologista<br>CREMEC 8059 \/ RQE 7574<\/p>\n\n\n\n<script type=\"application\/ld+json\">\n{\n  \"@context\": \"https:\/\/schema.org\",\n  \"@graph\": [\n\n    {\n      \"@type\": \"MedicalClinic\",\n      \"@id\": \"https:\/\/criteriumdiagnosticos.com.br\/#clinic\",\n      \"name\": \"Criterium Diagn\u00f3sticos\",\n      \"legalName\": \"Instituto de Diagn\u00f3stico por Imagem Ltda\",\n      \"url\": \"https:\/\/criteriumdiagnosticos.com.br\",\n      \"image\": \"https:\/\/criteriumdiagnosticos.com.br\/blog\/wp-content\/uploads\/2026\/03\/tomografiaFachesf-1200x600.png\",\n      \"logo\": \"https:\/\/criteriumdiagnosticos.com.br\/blog\/wp-content\/uploads\/2026\/03\/tomografiaFachesf-1200x600.png\",\n      \"telephone\": \"+55-85-3031-1900\",\n      \"priceRange\": \"$$\",\n      \"description\": \"Cl\u00ednica de diagn\u00f3stico por imagem em Fortaleza credenciada FACHESF, com Tomografia e Resson\u00e2ncia Magn\u00e9tica dentro do Hospital S\u00e3o Camilo Cura d\u2019Ars.\",\n      \"address\": {\n        \"@type\": \"PostalAddress\",\n        \"streetAddress\": \"Rua Costa Barros, 833, T\u00e9rreo\",\n        \"addressLocality\": \"Fortaleza\",\n        \"addressRegion\": \"CE\",\n        \"postalCode\": \"60160-280\",\n        \"addressCountry\": \"BR\"\n      },\n      \"geo\": {\n        \"@type\": \"GeoCoordinates\",\n        \"latitude\": -3.7253,\n        \"longitude\": -38.5233\n      },\n      \"hasMap\": \"https:\/\/www.google.com\/maps\/search\/?api=1&query=Rua+Costa+Barros,+833,+Fortaleza\",\n      \"sameAs\": [\n        \"https:\/\/www.instagram.com\/criterium.diagnosticos\/\",\n        \"https:\/\/www.linkedin.com\/company\/criteriumdiagnosticos\"\n      ]\n    },\n\n    {\n      \"@type\": \"Physician\",\n      \"@id\": \"https:\/\/criteriumdiagnosticos.com.br\/#physician\",\n      \"name\": \"Dr. Carlos Leite de Macedo Filho\",\n      \"alternateName\": \"Dr. Carlos Macedo\",\n      \"url\": \"https:\/\/www.linkedin.com\/in\/drcarlosmacedo\",\n      \"image\": \"https:\/\/criteriumdiagnosticos.com.br\/blog\/wp-content\/uploads\/2026\/03\/tomografiaFachesf-1200x600.png\",\n      \"telephone\": \"+55-85-3031-1900\",\n      \"priceRange\": \"$$\",\n      \"address\": {\n        \"@type\": \"PostalAddress\",\n        \"streetAddress\": \"Rua Costa Barros, 833\",\n        \"addressLocality\": \"Fortaleza\",\n        \"addressRegion\": \"CE\",\n        \"postalCode\": \"60160-280\",\n        \"addressCountry\": \"BR\"\n      },\n      \"medicalSpecialty\": \"Radiology\",\n      \"identifier\": [\n        {\n          \"@type\": \"PropertyValue\",\n          \"propertyID\": \"CREMEC\",\n          \"value\": \"8059\"\n        },\n        {\n          \"@type\": \"PropertyValue\",\n          \"propertyID\": \"RQE\",\n          \"value\": \"7574\"\n        }\n      ],\n      \"worksFor\": {\n        \"@id\": \"https:\/\/criteriumdiagnosticos.com.br\/#clinic\"\n      }\n    },\n\n    {\n      \"@type\": \"BlogPosting\",\n      \"@id\": \"https:\/\/criteriumdiagnosticos.com.br\/blog\/tomografia-e-ressonancia-magnetica-para-beneficiarios-da-fachesf-em-fortaleza-tecnologia-seguranca-e-tradicaona-criterium-diagnosticosantiga-sao-camilo-imagem\/#post\",\n      \"headline\": \"Tomografia e Resson\u00e2ncia Magn\u00e9tica para benefici\u00e1rios da FACHESF em Fortaleza\",\n      \"description\": \"Exames de imagem com seguran\u00e7a, rapidez e estrutura hospitalar para benefici\u00e1rios da FACHESF em Fortaleza.\",\n      \"inLanguage\": \"pt-BR\",\n      \"datePublished\": \"2026-03-02T08:00:00-03:00\",\n      \"dateModified\": \"2026-04-16T08:00:00-03:00\",\n      \"author\": {\n        \"@type\": \"Person\",\n        \"@id\": \"https:\/\/criteriumdiagnosticos.com.br\/#physician\",\n        \"name\": \"Dr. Carlos Leite de Macedo Filho\",\n        \"url\": \"https:\/\/www.linkedin.com\/in\/drcarlosmacedo\"\n      },\n      \"publisher\": {\n        \"@id\": \"https:\/\/criteriumdiagnosticos.com.br\/#clinic\"\n      },\n      \"image\": \"https:\/\/criteriumdiagnosticos.com.br\/blog\/wp-content\/uploads\/2026\/03\/tomografiaFachesf-1200x600.png\",\n      \"speakable\": {\n        \"@type\": \"SpeakableSpecification\",\n        \"cssSelector\": [\n          \"h1\",\n          \".entry-content p:nth-of-type(1)\"\n        ]\n      }\n    },\n\n    {\n      \"@type\": \"FAQPage\",\n      \"mainEntity\": [\n        {\n          \"@type\": \"Question\",\n          \"name\": \"A Criterium atende FACHESF em Fortaleza?\",\n          \"acceptedAnswer\": {\n            \"@type\": \"Answer\",\n            \"text\": \"Sim. A Criterium Diagn\u00f3sticos \u00e9 credenciada para atendimento FACHESF em Fortaleza.\"\n          }\n        },\n        {\n          \"@type\": \"Question\",\n          \"name\": \"Onde fazer Resson\u00e2ncia Magn\u00e9tica em Fortaleza pela FACHESF?\",\n          \"acceptedAnswer\": {\n            \"@type\": \"Answer\",\n            \"text\": \"Na Criterium Diagn\u00f3sticos, dentro do Hospital S\u00e3o Camilo Cura d\u2019Ars.\"\n          }\n        }\n      ]\n    },\n\n    {\n      \"@type\": \"HowTo\",\n      \"name\": \"Como agendar exame pela FACHESF\",\n      \"step\": [\n        {\n          \"@type\": \"HowToStep\",\n          \"name\": \"Consultar m\u00e9dico\",\n          \"text\": \"Solicite o exame com seu m\u00e9dico.\"\n        },\n        {\n          \"@type\": \"HowToStep\",\n          \"name\": \"Verificar autoriza\u00e7\u00e3o\",\n          \"text\": \"Confirme se precisa de autoriza\u00e7\u00e3o da FACHESF.\"\n        },\n        {\n          \"@type\": \"HowToStep\",\n          \"name\": \"Agendar\",\n          \"text\": \"Entre em contato com a Criterium.\"\n        }\n      ]\n    }\n\n  ]\n}\n<\/script>\n","protected":false},"excerpt":{"rendered":"<p>Se voc\u00ea \u00e9 benefici\u00e1rio da FACHESF e precisa realizar Tomografia Computadorizada (TC) ou Resson\u00e2ncia Magn\u00e9tica (RM) em Fortaleza, \u00e9 fundamental escolher um servi\u00e7o que una&#8230;<\/p>\n","protected":false},"author":1,"featured_media":3818,"comment_status":"open","ping_status":"open","sticky":false,"template":"","format":"standard","meta":{"_joinchat":[],"footnotes":""},"categories":[2,3,9],"tags":[21,37,75,83],"class_list":["post-3804","post","type-post","status-publish","format-standard","has-post-thumbnail","hentry","category-convenio","category-institucional","category-tomografia","tag-convenio","tag-fachesf","tag-ressonancia-fortaleza","tag-tomografia"],"_links":{"self":[{"href":"https:\/\/criteriumdiagnosticos.com.br\/blog\/wp-json\/wp\/v2\/posts\/3804","targetHints":{"allow":["GET"]}}],"collection":[{"href":"https:\/\/criteriumdiagnosticos.com.br\/blog\/wp-json\/wp\/v2\/posts"}],"about":[{"href":"https:\/\/criteriumdiagnosticos.com.br\/blog\/wp-json\/wp\/v2\/types\/post"}],"author":[{"embeddable":true,"href":"https:\/\/criteriumdiagnosticos.com.br\/blog\/wp-json\/wp\/v2\/users\/1"}],"replies":[{"embeddable":true,"href":"https:\/\/criteriumdiagnosticos.com.br\/blog\/wp-json\/wp\/v2\/comments?post=3804"}],"version-history":[{"count":0,"href":"https:\/\/criteriumdiagnosticos.com.br\/blog\/wp-json\/wp\/v2\/posts\/3804\/revisions"}],"wp:featuredmedia":[{"embeddable":true,"href":"https:\/\/criteriumdiagnosticos.com.br\/blog\/wp-json\/wp\/v2\/media\/3818"}],"wp:attachment":[{"href":"https:\/\/criteriumdiagnosticos.com.br\/blog\/wp-json\/wp\/v2\/media?parent=3804"}],"wp:term":[{"taxonomy":"category","embeddable":true,"href":"https:\/\/criteriumdiagnosticos.com.br\/blog\/wp-json\/wp\/v2\/categories?post=3804"},{"taxonomy":"post_tag","embeddable":true,"href":"https:\/\/criteriumdiagnosticos.com.br\/blog\/wp-json\/wp\/v2\/tags?post=3804"}],"curies":[{"name":"wp","href":"https:\/\/api.w.org\/{rel}","templated":true}]}}