{"id":3793,"date":"2026-03-02T12:35:00","date_gmt":"2026-03-02T12:35:00","guid":{"rendered":"https:\/\/criteriumdiagnosticos.com.br\/blog\/?p=3793"},"modified":"2026-03-02T12:35:00","modified_gmt":"2026-03-02T12:35:00","slug":"capesesp-em-fortaleza-tomografia-computadorizada-e-ressonanciamagnetica-com-qualidade-seguranca-e-atendimento-criterium-diagnosticos-antiga-sao-camilo-imagem","status":"publish","type":"post","link":"https:\/\/criteriumdiagnosticos.com.br\/blog\/capesesp-em-fortaleza-tomografia-computadorizada-e-ressonanciamagnetica-com-qualidade-seguranca-e-atendimento-criterium-diagnosticos-antiga-sao-camilo-imagem\/","title":{"rendered":"CAPESESP em Fortaleza: Tomografia Computadorizada e Resson\u00e2ncia Magn\u00e9tica com qualidade, seguran\u00e7a e atendimento na Criterium Diagn\u00f3sticos em Fortaleza"},"content":{"rendered":"\n<p>Se voc\u00ea \u00e9 benefici\u00e1rio da CAPESESP (CAPESA\u00daDE) e precisa realizar Tomografia Computadorizada ou Resson\u00e2ncia Magn\u00e9tica em Fortaleza, a Criterium Diagn\u00f3sticos est\u00e1 pronta para atend\u00ea-lo com excel\u00eancia t\u00e9cnica, agilidade e total conformidade contratual.<br>Atuamos dentro do Hospital S\u00e3o Camilo Cura d\u2019Ars, no Centro de Fortaleza, oferecendo estrutura hospitalar completa, equipe m\u00e9dica especializada e tecnologia de ponta.<br><\/p>\n\n\n\n<p><strong>Importante: somos a antiga S\u00e3o Camilo Imagem. Mudamos o nome para Criterium Diagn\u00f3sticos, mas o compromisso com qualidade, \u00e9tica e seguran\u00e7a continua o mesmo.<\/strong><\/p>\n\n\n\n<p><strong>Criterium Diagn\u00f3sticos \u00e9 credenciada \u00e0 CAPESESP<\/strong><br>A Criterium Diagn\u00f3sticos (INSTITUTO DE DIAGN\u00d3STICO POR IMAGEM LTDA \u2013 CNPJ 26.698.786\/0001-56) possui contrato ativo de presta\u00e7\u00e3o de servi\u00e7os auxiliares de diagn\u00f3stico e terapia com a CAPESESP.<br>Pelo contrato, prestamos servi\u00e7os de Radiologia e Diagn\u00f3stico por Imagem,<br>incluindo:<br>\u2705 Tomografia Computadorizada<br>\u2705 Resson\u00e2ncia Magn\u00e9tica<br>\u2705 Mamografia<br>\u2705 Radiologia<br>\u2705 Ultrassonografia<br>\u2705 Densitometria \u00d3ssea<\/p>\n\n\n\n<p><br>Tudo conforme o Rol de Procedimentos e Eventos em Sa\u00fade da ANS e as<br>normas da sa\u00fade suplementar.<\/p>\n\n\n\n<p><strong>Tomografia Computadorizada em Fortaleza para CAPESESP<br><\/strong>A Tomografia Computadorizada (TC) \u00e9 um exame de imagem de alta<br>precis\u00e3o, indicado para avalia\u00e7\u00e3o detalhada de:<\/p>\n\n\n\n<p>\u2705Cr\u00e2nio e enc\u00e9falo<br>\u2705T\u00f3rax e pulm\u00f5es<\/p>\n\n\n\n<p>\u2705Abdome e pelve<br>\u2705Cr\u00e2nio e enc\u00e9falo<br>\u2705T\u00f3rax e pulm\u00f5es<\/p>\n\n\n\n<p>\u2705Cr\u00e2nio e enc\u00e9falo<br>\u2705T\u00f3rax e pulm\u00f5es<\/p>\n\n\n\n<p>\u2705Cr\u00e2nio e enc\u00e9falo<br>\u2705T\u00f3rax e pulm\u00f5es<\/p>\n\n\n\n<p>\u2705Cr\u00e2nio e enc\u00e9falo<br>\u2705T\u00f3rax e pulm\u00f5es<\/p>\n\n\n\n<p>\u2705Cr\u00e2nio e enc\u00e9falo<br>\u2705T\u00f3rax e pulm\u00f5es<\/p>\n\n\n\n<p>\u2705Coluna vertebral<br>\u2705Cr\u00e2nio e enc\u00e9falo<br>\u2705T\u00f3rax e pulm\u00f5es<\/p>\n\n\n\n<p>\u2705Seios da face<br>\u2705Cr\u00e2nio e enc\u00e9falo<br>\u2705T\u00f3rax e pulm\u00f5es<\/p>\n\n\n\n<p>\u2705Avalia\u00e7\u00f5es vasculares<br>\u2705Cr\u00e2nio e enc\u00e9falo<br>\u2705T\u00f3rax e pulm\u00f5es Investiga\u00e7\u00e3o de dor aguda<\/p>\n\n\n\n<p><br><strong>Quando a Tomografia \u00e9 indicada?<\/strong><br>\u2705 Traumas<br>\u2705 Suspeita de tumores<br>\u2705 Avalia\u00e7\u00e3o pulmonar<br>\u2705 Dor abdominal de causa indeterminada<br>\u2705 Emerg\u00eancias neurol\u00f3gicas<\/p>\n\n\n\n<p><br>Na Criterium Diagn\u00f3sticos, realizamos Tomografia em Fortaleza dentro de ambiente hospitalar, garantindo suporte completo ao paciente quando necess\u00e1rio.<\/p>\n\n\n\n<p><strong>Resson\u00e2ncia Magn\u00e9tica em Fortaleza para CAPESESP<\/strong><br>A Resson\u00e2ncia Magn\u00e9tica (RM) \u00e9 um exame avan\u00e7ado que utiliza campo magn\u00e9tico para gerar imagens de alt\u00edssima defini\u00e7\u00e3o, sem radia\u00e7\u00e3o ionizante.<br>\u00c9 indicada para:<br>\u2705 Avalia\u00e7\u00e3o do c\u00e9rebro e medula<br>\u2705 Coluna cervical, tor\u00e1cica e lombar<br>\u2705 Ombro, joelho, quadril e outras articula\u00e7\u00f5es<br>\u2705 Abdome e pelve<br>\u2705 Pr\u00f3stata<br>\u2705 Exames vasculares<br>\u2705 Investiga\u00e7\u00e3o de tumores e doen\u00e7as inflamat\u00f3rias<\/p>\n\n\n\n<p><br>A qualidade das imagens \u00e9 fundamental para diagn\u00f3sticos seguros \u2014 e nossa equipe m\u00e9dica \u00e9 formada por radiologistas experientes, com laudos precisos e criteriosos.<\/p>\n\n\n\n<p><strong>Estrutura Hospitalar: dentro do Hospital Cura d\u2019Ars da rede S\u00e3o Camilo no Centro de Fortaleza<\/strong><\/p>\n\n\n\n<p><br>Isso significa:<br> \u2714\ufe0f Maior seguran\u00e7a para pacientes cl\u00ednicos e cir\u00fargicos<br> \u2714\ufe0f Suporte hospitalar imediato, se necess\u00e1rio<br> \u2714\ufe0f Integra\u00e7\u00e3o com equipe m\u00e9dica assistente<br> \u2714\ufe0f Ambiente estruturado e confi\u00e1vel<br>Mesmo com a mudan\u00e7a de nome (de S\u00e3o Camilo Imagem para Criterium Diagn\u00f3sticos), mantemos a mesma estrutura f\u00edsica, equipe e padr\u00e3o de qualidade.<\/p>\n\n\n\n<p><strong>Como funciona a autoriza\u00e7\u00e3o da CAPESESP?<br><\/strong>Conforme previsto contratualmente, alguns exames podem exigir autoriza\u00e7\u00e3o pr\u00e9via (senha) via sistema da CAPESESP, especialmente nos casos definidos pela operadora.<br>De forma pr\u00e1tica, o benefici\u00e1rio deve:<\/p>\n\n\n\n<ol class=\"wp-block-list\">\n<li>Apresentar carteira da CAPESESP e documento com foto<\/li>\n\n\n\n<li>Trazer o pedido m\u00e9dico com indica\u00e7\u00e3o cl\u00ednica leg\u00edvel<\/li>\n\n\n\n<li>Verificar se o exame exige autoriza\u00e7\u00e3o pr\u00e9via<br>Nossa equipe orienta e auxilia em todo o processo para garantir agilidade e<br>seguran\u00e7a.<\/li>\n<\/ol>\n\n\n\n<p><strong>Por que escolher a Criterium Diagn\u00f3sticos para Tomografia e Resson\u00e2ncia em Fortaleza?<br>1\ufe0f\u20e3 Agilidade no atendimento<br><\/strong>Sabemos que exames de imagem muitas vezes envolvem ansiedade e urg\u00eancia.<br><strong>2\ufe0f\u20e3 Humanismo<br><\/strong>Atendimento respeitoso, acolhedor e claro.<br><strong>3\ufe0f\u20e3 Capacidade t\u00e9cnica<br><\/strong>Equipe m\u00e9dica especializada em Radiologia e Diagn\u00f3stico por Imagem.<\/p>\n\n\n\n<p><strong>4\ufe0f\u20e3 Compromisso<br><\/strong>Cumprimos rigorosamente normas t\u00e9cnicas, contratuais e \u00e9ticas.<br><strong>5\ufe0f\u20e3 \u00c9tica<br><\/strong>Atuamos com transpar\u00eancia junto ao paciente e \u00e0 operadora.<\/p>\n\n\n\n<p><strong>Perguntas frequentes (FAQ) \u2013 CAPESESP em Fortaleza<br><\/strong><\/p>\n\n\n\n<p><strong>A Criterium ainda \u00e9 a S\u00e3o Camilo Imagem?<br><\/strong>Somos a antiga S\u00e3o Camilo Imagem. Mudamos o nome para Criterium Diagn\u00f3sticos, mantendo o mesmo compromisso e qualidade.<br><strong>A Criterium atende todos os planos CAPESA\u00daDE?<\/strong><br>Atendemos os planos contemplados no contrato firmado com a CAPESESP<br><strong>A Tomografia e a Resson\u00e2ncia precisam de autoriza\u00e7\u00e3o?<br><\/strong>Alguns exames exigem autoriza\u00e7\u00e3o pr\u00e9via, conforme regras da CAPESESP e da ANS<br><strong>Onde fica a unidade?<br><\/strong>Dentro do Hospital S\u00e3o Camilo Cura d\u2019Ars, no Centro de Fortaleza.<\/p>\n\n\n\n<p>Agende sua Tomografia ou Resson\u00e2ncia Magn\u00e9tica em Fortaleza<br>Se voc\u00ea \u00e9 benefici\u00e1rio da CAPESESP e precisa realizar:<br><strong>Tomografia Computadorizada em Fortaleza<br>Resson\u00e2ncia Magn\u00e9tica em Fortaleza<\/strong><br>Conte com a Criterium Diagn\u00f3sticos, dentro do Hospital S\u00e3o Camilo Cura d\u2019Ars.<\/p>\n\n\n\n<ul class=\"wp-block-list\">\n<li>Localiza\u00e7\u00e3o central<\/li>\n\n\n\n<li>Estrutura hospitalar<\/li>\n\n\n\n<li>Tecnologia de ponta<\/li>\n\n\n\n<li>Equipe m\u00e9dica especializada<\/li>\n\n\n\n<li>Atendimento conforme normas da ANS e contrato CAPESESP<\/li>\n<\/ul>\n\n\n\n<p><strong>Saiba mais:<\/strong><\/p>\n\n\n\n<p>\ud83c\udf10 Site: <a href=\"http:\/\/criteriumdiagnosticoscombrblog.local\/\">http:\/\/criteriumdiagnosticoscombrblog.local\/<\/a><br>\ud83d\udcf1 WhatsApp: <a href=\"https:\/\/wa.me\/5585981194819\">https:\/\/wa.me\/5585981194819<\/a><br>\ud83d\udcde Central de Atendimento: (85) 3031-1900<br>\ud83d\udccd Rua Costa Barros 833, T\u00e9rreo. Centro. Fortaleza-CE. CEP 60.160-280<\/p>\n\n\n\n<p><\/p>\n\n\n\n<p><strong>Respons\u00e1vel t\u00e9cnico:<\/strong><\/p>\n\n\n\n<p><strong>Dr. Carlos Leite de Macedo Filho<\/strong><br>M\u00e9dico Radiologista<br>CREMEC 8059 \/ RQE 7574<\/p>\n\n\n\n<script type=\"application\/ld+json\">\n{\n  \"@context\": \"https:\/\/schema.org\",\n  \"@graph\": [\n\n    {\n      \"@type\": [\"Organization\",\"LocalBusiness\",\"MedicalBusiness\",\"MedicalClinic\"],\n      \"@id\": \"https:\/\/criteriumdiagnosticos.com.br\/#entity\",\n      \"name\": \"Criterium Diagn\u00f3sticos\",\n      \"legalName\": \"INSTITUTO DE DIAGN\u00d3STICO POR IMAGEM LTDA\",\n      \"alternateName\": [\n        \"Criterium Diagn\u00f3sticos\",\n        \"S\u00e3o Camilo Imagem\"\n      ],\n      \"url\": \"https:\/\/criteriumdiagnosticos.com.br\/\",\n      \"image\": \"https:\/\/criteriumdiagnosticos.com.br\/blog\/wp-content\/uploads\/2026\/03\/tomografiaCapesesp-1200x600.webp\",\n      \"logo\": \"https:\/\/criteriumdiagnosticos.com.br\/wp-content\/uploads\/2024\/01\/logo-criterium.png\",\n      \"telephone\": \"+55-85-3031-1900\",\n      \"priceRange\": \"$$\",\n      \"address\": {\n        \"@type\": \"PostalAddress\",\n        \"streetAddress\": \"Rua Costa Barros, 833\",\n        \"addressLocality\": \"Fortaleza\",\n        \"addressRegion\": \"CE\",\n        \"postalCode\": \"60160-280\",\n        \"addressCountry\": \"BR\"\n      },\n      \"geo\": {\n        \"@type\": \"GeoCoordinates\",\n        \"latitude\": -3.7276,\n        \"longitude\": -38.5246\n      },\n      \"sameAs\": [\n        \"https:\/\/www.instagram.com\/criterium.diagnosticos\/\",\n        \"https:\/\/www.facebook.com\/criteriumdiagnosticos\",\n        \"https:\/\/linkedin.com\/company\/criteriumdiagnosticos\",\n        \"https:\/\/www.tiktok.com\/@criteriumdiagnosticos\",\n        \"https:\/\/medium.com\/@criteriumdiagnosticos\",\n        \"https:\/\/substack.com\/@criteriumdiagnosticos\"\n      ]\n    },\n\n    {\n      \"@type\": \"Physician\",\n      \"@id\": \"https:\/\/criteriumdiagnosticos.com.br\/#physician\",\n      \"name\": \"Dr. Carlos Leite de Macedo Filho\",\n      \"alternateName\": [\n        \"Dr. Carlos Macedo\",\n        \"Carlos Leite de Macedo Filho\"\n      ],\n      \"url\": \"https:\/\/www.linkedin.com\/in\/drcarlosmacedo\",\n      \"image\": \"https:\/\/criteriumdiagnosticos.com.br\/wp-content\/uploads\/2024\/01\/logo-criterium.png\",\n      \"description\": \"M\u00e9dico Radiologista em Fortaleza, Radiologista Chefe e Diretor Cl\u00ednico da Criterium Diagn\u00f3sticos, com forma\u00e7\u00e3o pela Universidade Federal do Cear\u00e1, resid\u00eancia no Hospital S\u00edrio-Liban\u00eas, R4 no INRAD-USP e fellowship no St. Paul\u2019s Hospital, Vancouver, Canad\u00e1.\",\n      \"jobTitle\": [\n        \"M\u00e9dico Radiologista\",\n        \"Radiologista Chefe\",\n        \"Diretor Cl\u00ednico\"\n      ],\n      \"medicalSpecialty\": [\n        \"Radiology\",\n        \"DiagnosticImaging\"\n      ],\n      \"telephone\": \"+55-85-3031-1900\",\n      \"priceRange\": \"$$\",\n      \"address\": {\n        \"@type\": \"PostalAddress\",\n        \"streetAddress\": \"Rua Costa Barros, 833\",\n        \"addressLocality\": \"Fortaleza\",\n        \"addressRegion\": \"CE\",\n        \"postalCode\": \"60160-280\",\n        \"addressCountry\": \"BR\"\n      },\n      \"worksFor\": {\n        \"@id\": \"https:\/\/criteriumdiagnosticos.com.br\/#entity\"\n      },\n      \"affiliation\": {\n        \"@id\": \"https:\/\/criteriumdiagnosticos.com.br\/#entity\"\n      },\n      \"identifier\": [\n        {\n          \"@type\": \"PropertyValue\",\n          \"propertyID\": \"CREMEC\",\n          \"value\": \"8059\"\n        },\n        {\n          \"@type\": \"PropertyValue\",\n          \"propertyID\": \"RQE\",\n          \"value\": \"7574\"\n        }\n      ],\n      \"sameAs\": [\n        \"https:\/\/www.linkedin.com\/in\/drcarlosmacedo\",\n        \"https:\/\/www.instagram.com\/drcarlos.macedo\/\"\n      ],\n      \"alumniOf\": [\n        {\n          \"@type\": \"CollegeOrUniversity\",\n          \"name\": \"Universidade Federal do Cear\u00e1\"\n        },\n        {\n          \"@type\": \"CollegeOrUniversity\",\n          \"name\": \"Hospital S\u00edrio-Liban\u00eas\"\n        },\n        {\n          \"@type\": \"CollegeOrUniversity\",\n          \"name\": \"Universidade de S\u00e3o Paulo\"\n        },\n        {\n          \"@type\": \"Hospital\",\n          \"name\": \"St. Paul\u2019s Hospital\"\n        }\n      ],\n      \"memberOf\": [\n        {\n          \"@type\": \"Organization\",\n          \"name\": \"Col\u00e9gio Brasileiro de Radiologia e Diagn\u00f3stico por Imagem\"\n        },\n        {\n          \"@type\": \"Organization\",\n          \"name\": \"Radiological Society of North America\"\n        }\n      ],\n      \"award\": [\n        \"Ex-Presidente da Sociedade Cearense de Radiologia (2011-2013)\",\n        \"Membro Titular do Col\u00e9gio Brasileiro de Radiologia e Diagn\u00f3stico por Imagem\",\n        \"Ex-membro da Comiss\u00e3o Nacional de Controle de Qualidade em Ultrassonografia do CBR (2010-2012)\"\n      ],\n      \"hasCredential\": [\n        {\n          \"@type\": \"EducationalOccupationalCredential\",\n          \"credentialCategory\": \"Gradua\u00e7\u00e3o em Medicina\",\n          \"recognizedBy\": {\n            \"@type\": \"CollegeOrUniversity\",\n            \"name\": \"Universidade Federal do Cear\u00e1\"\n          }\n        },\n        {\n          \"@type\": \"EducationalOccupationalCredential\",\n          \"credentialCategory\": \"Resid\u00eancia M\u00e9dica em Radiologia e Diagn\u00f3stico por Imagem\",\n          \"recognizedBy\": {\n            \"@type\": \"Hospital\",\n            \"name\": \"Hospital S\u00edrio-Liban\u00eas\"\n          }\n        },\n        {\n          \"@type\": \"EducationalOccupationalCredential\",\n          \"credentialCategory\": \"Especializa\u00e7\u00e3o R4 em Radiologia de Emerg\u00eancia e Radiologia Intervencionista\",\n          \"recognizedBy\": {\n            \"@type\": \"CollegeOrUniversity\",\n            \"name\": \"INRAD USP\"\n          }\n        },\n        {\n          \"@type\": \"EducationalOccupationalCredential\",\n          \"credentialCategory\": \"Fellowship em Radiologia Abdominal e Interven\u00e7\u00e3o\",\n          \"recognizedBy\": {\n            \"@type\": \"Hospital\",\n            \"name\": \"St. Paul\u2019s Hospital, Vancouver\"\n          }\n        }\n      ],\n      \"knowsAbout\": [\n        \"Radiologia\",\n        \"Diagn\u00f3stico por Imagem\",\n        \"Tomografia Computadorizada em Fortaleza\",\n        \"Resson\u00e2ncia Magn\u00e9tica em Fortaleza\",\n        \"Tomografia Multislice\",\n        \"Radiologia de Emerg\u00eancia\",\n        \"Radiologia Intervencionista\",\n        \"Radiologia Abdominal\",\n        \"Laudos por subespecialistas\",\n        \"Gest\u00e3o m\u00e9dica em cl\u00ednicas de imagem\",\n        \"Exames de imagem com estrutura hospitalar\",\n        \"Diagn\u00f3stico por imagem no Centro de Fortaleza\",\n        \"Resson\u00e2ncia Magn\u00e9tica para pacientes de Fortaleza e interior do Cear\u00e1\",\n        \"Tomografia Computadorizada para pacientes de Fortaleza e interior do Cear\u00e1\"\n      ]\n    },\n\n    {\n      \"@type\": \"Organization\",\n      \"@id\": \"https:\/\/criteriumdiagnosticos.com.br\/#capesesp\",\n      \"name\": \"CAPESESP\",\n      \"alternateName\": [\n        \"CAPESA\u00daDE\",\n        \"Caixa de Previd\u00eancia e Assist\u00eancia dos Servidores da Funda\u00e7\u00e3o SESP\"\n      ]\n    },\n\n    {\n      \"@type\": \"Service\",\n      \"@id\": \"https:\/\/criteriumdiagnosticos.com.br\/#service\",\n      \"name\": \"Tomografia Computadorizada e Resson\u00e2ncia Magn\u00e9tica para benefici\u00e1rios CAPESESP em Fortaleza\",\n      \"serviceType\": [\n        \"Tomografia Computadorizada\",\n        \"Resson\u00e2ncia Magn\u00e9tica\",\n        \"Mamografia\",\n        \"Radiologia\",\n        \"Ultrassonografia\",\n        \"Densitometria \u00d3ssea\"\n      ],\n      \"provider\": {\n        \"@id\": \"https:\/\/criteriumdiagnosticos.com.br\/#entity\"\n      },\n      \"audience\": {\n        \"@type\": \"Audience\",\n        \"name\": \"Benefici\u00e1rios CAPESESP\"\n      },\n      \"areaServed\": [\n        \"Fortaleza\",\n        \"Centro\",\n        \"Meireles\",\n        \"Aldeota\",\n        \"Coc\u00f3\",\n        \"Dion\u00edsio Torres\",\n        \"Guararapes\",\n        \"Benfica\",\n        \"Joaquim T\u00e1vora\",\n        \"Sobral\",\n        \"Juazeiro do Norte\",\n        \"Crato\",\n        \"Iguatu\",\n        \"Quixad\u00e1\",\n        \"Cear\u00e1\"\n      ],\n      \"availableChannel\": {\n        \"@type\": \"ServiceChannel\",\n        \"serviceLocation\": {\n          \"@id\": \"https:\/\/criteriumdiagnosticos.com.br\/#entity\"\n        },\n        \"serviceUrl\": \"https:\/\/criteriumdiagnosticos.com.br\/blog\/capesesp-em-fortaleza-tomografia-computadorizada-e-ressonanciamagnetica-com-qualidade-seguranca-e-atendimento-criterium-diagnosticos-antiga-sao-camilo-imagem\/\"\n      }\n    },\n\n    {\n      \"@type\": \"FAQPage\",\n      \"@id\": \"https:\/\/criteriumdiagnosticos.com.br\/blog\/capesesp-em-fortaleza-tomografia-computadorizada-e-ressonanciamagnetica-com-qualidade-seguranca-e-atendimento-criterium-diagnosticos-antiga-sao-camilo-imagem\/#faq\",\n      \"mainEntity\": [\n        {\n          \"@type\": \"Question\",\n          \"name\": \"A Criterium Diagn\u00f3sticos atende CAPESESP em Fortaleza?\",\n          \"acceptedAnswer\": {\n            \"@type\": \"Answer\",\n            \"text\": \"Sim. A Criterium Diagn\u00f3sticos possui contrato ativo de presta\u00e7\u00e3o de servi\u00e7os auxiliares de diagn\u00f3stico e terapia com a CAPESESP.\"\n          }\n        },\n        {\n          \"@type\": \"Question\",\n          \"name\": \"Quais exames a Criterium oferece para benefici\u00e1rios CAPESESP?\",\n          \"acceptedAnswer\": {\n            \"@type\": \"Answer\",\n            \"text\": \"A cl\u00ednica oferece Tomografia Computadorizada, Resson\u00e2ncia Magn\u00e9tica, Mamografia, Radiologia, Ultrassonografia e Densitometria \u00d3ssea, conforme cobertura e regras da operadora.\"\n          }\n        },\n        {\n          \"@type\": \"Question\",\n          \"name\": \"Alguns exames exigem autoriza\u00e7\u00e3o pr\u00e9via?\",\n          \"acceptedAnswer\": {\n            \"@type\": \"Answer\",\n            \"text\": \"Sim. Alguns exames podem exigir autoriza\u00e7\u00e3o pr\u00e9via conforme regras da CAPESESP e da ANS.\"\n          }\n        },\n        {\n          \"@type\": \"Question\",\n          \"name\": \"Onde fica a Criterium Diagn\u00f3sticos?\",\n          \"acceptedAnswer\": {\n            \"@type\": \"Answer\",\n            \"text\": \"A Criterium Diagn\u00f3sticos funciona dentro do Hospital S\u00e3o Camilo Cura d\u2019Ars, na Rua Costa Barros, 833, Centro, Fortaleza, CE, 60160-280.\"\n          }\n        },\n        {\n          \"@type\": \"Question\",\n          \"name\": \"Quem \u00e9 o respons\u00e1vel t\u00e9cnico pela Criterium Diagn\u00f3sticos?\",\n          \"acceptedAnswer\": {\n            \"@type\": \"Answer\",\n            \"text\": \"O respons\u00e1vel t\u00e9cnico \u00e9 o Dr. Carlos Leite de Macedo Filho, M\u00e9dico Radiologista, CREMEC 8059, RQE 7574.\"\n          }\n        }\n      ]\n    },\n\n    {\n      \"@type\": \"WebSite\",\n      \"@id\": \"https:\/\/criteriumdiagnosticos.com.br\/#website\",\n      \"url\": \"https:\/\/criteriumdiagnosticos.com.br\/\",\n      \"name\": \"Criterium Diagn\u00f3sticos\",\n      \"publisher\": {\n        \"@id\": \"https:\/\/criteriumdiagnosticos.com.br\/#entity\"\n      },\n      \"inLanguage\": \"pt-BR\",\n      \"potentialAction\": {\n        \"@type\": \"SearchAction\",\n        \"target\": \"https:\/\/criteriumdiagnosticos.com.br\/?s={search_term_string}\",\n        \"query-input\": \"required name=search_term_string\"\n      }\n    },\n\n    {\n      \"@type\": \"WebPage\",\n      \"@id\": \"https:\/\/criteriumdiagnosticos.com.br\/blog\/capesesp-em-fortaleza-tomografia-computadorizada-e-ressonanciamagnetica-com-qualidade-seguranca-e-atendimento-criterium-diagnosticos-antiga-sao-camilo-imagem\/#webpage\",\n      \"url\": \"https:\/\/criteriumdiagnosticos.com.br\/blog\/capesesp-em-fortaleza-tomografia-computadorizada-e-ressonanciamagnetica-com-qualidade-seguranca-e-atendimento-criterium-diagnosticos-antiga-sao-camilo-imagem\/\",\n      \"name\": \"CAPESESP em Fortaleza: Tomografia e Resson\u00e2ncia Magn\u00e9tica na Criterium Diagn\u00f3sticos\",\n      \"isPartOf\": {\n        \"@id\": \"https:\/\/criteriumdiagnosticos.com.br\/#website\"\n      },\n      \"about\": [\n        {\n          \"@id\": \"https:\/\/criteriumdiagnosticos.com.br\/#entity\"\n        },\n        {\n          \"@id\": \"https:\/\/criteriumdiagnosticos.com.br\/#physician\"\n        },\n        {\n          \"@id\": \"https:\/\/criteriumdiagnosticos.com.br\/#capesesp\"\n        },\n        {\n          \"@id\": \"https:\/\/criteriumdiagnosticos.com.br\/#service\"\n        }\n      ],\n      \"primaryImageOfPage\": {\n        \"@type\": \"ImageObject\",\n        \"@id\": \"https:\/\/criteriumdiagnosticos.com.br\/blog\/capesesp-em-fortaleza-tomografia-computadorizada-e-ressonanciamagnetica-com-qualidade-seguranca-e-atendimento-criterium-diagnosticos-antiga-sao-camilo-imagem\/#image\",\n        \"url\": \"https:\/\/criteriumdiagnosticos.com.br\/blog\/wp-content\/uploads\/2026\/03\/tomografiaCapesesp-1200x600.webp\",\n        \"contentUrl\": \"https:\/\/criteriumdiagnosticos.com.br\/blog\/wp-content\/uploads\/2026\/03\/tomografiaCapesesp-1200x600.webp\"\n      },\n      \"speakable\": {\n        \"@type\": \"SpeakableSpecification\",\n        \"cssSelector\": [\n          \"h1\",\n          \".entry-content p:first-of-type\",\n          \".entry-content h2\"\n        ]\n      },\n      \"inLanguage\": \"pt-BR\"\n    }\n\n  ]\n}\n<\/script>\n\n\n\n<p><\/p>\n","protected":false},"excerpt":{"rendered":"<p>Se voc\u00ea \u00e9 benefici\u00e1rio da CAPESESP (CAPESA\u00daDE) e precisa realizar Tomografia Computadorizada ou Resson\u00e2ncia Magn\u00e9tica em Fortaleza, a Criterium Diagn\u00f3sticos est\u00e1 pronta para atend\u00ea-lo com&#8230;<\/p>\n","protected":false},"author":1,"featured_media":3821,"comment_status":"open","ping_status":"open","sticky":false,"template":"","format":"standard","meta":{"_joinchat":[],"footnotes":""},"categories":[2,6,9],"tags":[13,21,36,62,75],"class_list":["post-3793","post","type-post","status-publish","format-standard","has-post-thumbnail","hentry","category-convenio","category-ressonancia","category-tomografia","tag-capesesp","tag-convenio","tag-exame-ressonancia","tag-ressonancia","tag-ressonancia-fortaleza"],"_links":{"self":[{"href":"https:\/\/criteriumdiagnosticos.com.br\/blog\/wp-json\/wp\/v2\/posts\/3793","targetHints":{"allow":["GET"]}}],"collection":[{"href":"https:\/\/criteriumdiagnosticos.com.br\/blog\/wp-json\/wp\/v2\/posts"}],"about":[{"href":"https:\/\/criteriumdiagnosticos.com.br\/blog\/wp-json\/wp\/v2\/types\/post"}],"author":[{"embeddable":true,"href":"https:\/\/criteriumdiagnosticos.com.br\/blog\/wp-json\/wp\/v2\/users\/1"}],"replies":[{"embeddable":true,"href":"https:\/\/criteriumdiagnosticos.com.br\/blog\/wp-json\/wp\/v2\/comments?post=3793"}],"version-history":[{"count":0,"href":"https:\/\/criteriumdiagnosticos.com.br\/blog\/wp-json\/wp\/v2\/posts\/3793\/revisions"}],"wp:featuredmedia":[{"embeddable":true,"href":"https:\/\/criteriumdiagnosticos.com.br\/blog\/wp-json\/wp\/v2\/media\/3821"}],"wp:attachment":[{"href":"https:\/\/criteriumdiagnosticos.com.br\/blog\/wp-json\/wp\/v2\/media?parent=3793"}],"wp:term":[{"taxonomy":"category","embeddable":true,"href":"https:\/\/criteriumdiagnosticos.com.br\/blog\/wp-json\/wp\/v2\/categories?post=3793"},{"taxonomy":"post_tag","embeddable":true,"href":"https:\/\/criteriumdiagnosticos.com.br\/blog\/wp-json\/wp\/v2\/tags?post=3793"}],"curies":[{"name":"wp","href":"https:\/\/api.w.org\/{rel}","templated":true}]}}