{"id":3790,"date":"2026-03-02T12:05:00","date_gmt":"2026-03-02T12:05:00","guid":{"rendered":"https:\/\/criteriumdiagnosticos.com.br\/blog\/?p=3790"},"modified":"2026-03-02T12:05:00","modified_gmt":"2026-03-02T12:05:00","slug":"tomografia-e-ressonancia-magnetica-para-usuarios-camed-em-fortaleza-diagnostico-avancado-com-qualidade-e-seguranca","status":"publish","type":"post","link":"https:\/\/criteriumdiagnosticos.com.br\/blog\/tomografia-e-ressonancia-magnetica-para-usuarios-camed-em-fortaleza-diagnostico-avancado-com-qualidade-e-seguranca\/","title":{"rendered":"Tomografia e Resson\u00e2ncia Magn\u00e9tica para usu\u00e1rios CAMED em Fortaleza: diagn\u00f3stico avan\u00e7ado com qualidade e seguran\u00e7a"},"content":{"rendered":"\n<p>Se voc\u00ea \u00e9 benefici\u00e1rio CAMED em Fortaleza e precisa realizar Tomografia Computadorizada (TC) ou Resson\u00e2ncia Magn\u00e9tica (RM), \u00e9 fundamental escolher uma cl\u00ednica credenciada, com excel\u00eancia t\u00e9cnica, agilidade no atendimento e compromisso com a qualidade diagn\u00f3stica.<br>A Criterium Diagn\u00f3sticos, em Fortaleza-CE, \u00e9 prestadora credenciada da CAMED (INSTITUTO DE DIAGN\u00d3STICO POR IMAGEM S\/S \u2013 CNPJ 26.698.786\/0001-56), oferecendo ampla cobertura em exames de imagem de alta complexidade, incluindo tomografia e resson\u00e2ncia magn\u00e9tica.<\/p>\n\n\n\n<ul class=\"wp-block-list\">\n<li>Quais exames de tomografia e resson\u00e2ncia est\u00e3o dispon\u00edveis para<br>usu\u00e1rios CAMED<\/li>\n\n\n\n<li>Como funciona o atendimento (ambulatorial, urg\u00eancia e internamento)<\/li>\n\n\n\n<li>Quando cada exame \u00e9 indicado<\/li>\n\n\n\n<li>Por que escolher a Criterium Diagn\u00f3sticos em Fortaleza<\/li>\n<\/ul>\n\n\n\n<p><strong>Tomografia Computadorizada para usu\u00e1rios CAMED em Fortaleza<br><\/strong>A Tomografia Computadorizada (TC) \u00e9 um exame r\u00e1pido, preciso e amplamente utilizado para avalia\u00e7\u00e3o de diversas doen\u00e7as. Utiliza raios-X com reconstru\u00e7\u00e3o computadorizada para gerar imagens detalhadas do corpo.<br>Na Criterium Diagn\u00f3sticos, usu\u00e1rios CAMED contam com cobertura para diversos exames de tomografia, incluindo:<br><\/p>\n\n\n\n<p><strong>Principais tomografias realizadas:<\/strong><\/p>\n\n\n\n<ul class=\"wp-block-list\">\n<li>TC de Cr\u00e2nio<\/li>\n\n\n\n<li>TC de T\u00f3rax<\/li>\n\n\n\n<li>TC de Abdome Total<\/li>\n\n\n\n<li>TC de Coluna (cervical, dorsal e lombar)<\/li>\n\n\n\n<li>TC de Pelve<\/li>\n\n\n\n<li>Angiotomografias (aorta, coron\u00e1rias, cr\u00e2nio, pesco\u00e7o, pulm\u00f5es,<br>membros, entre outras)<\/li>\n<\/ul>\n\n\n\n<p><strong>Quando a tomografia \u00e9 indicada?<\/strong><\/p>\n\n\n\n<ul class=\"wp-block-list\">\n<li>Trauma e emerg\u00eancia<\/li>\n\n\n\n<li>Dor abdominal aguda<\/li>\n\n\n\n<li>Suspeita de AVC<\/li>\n\n\n\n<li>Investiga\u00e7\u00e3o de tumores<\/li>\n\n\n\n<li>Avalia\u00e7\u00e3o pulmonar<\/li>\n\n\n\n<li>C\u00e1lculos renais<\/li>\n\n\n\n<li>Doen\u00e7as vasculares<br><\/li>\n<\/ul>\n\n\n\n<p>Por ser um exame r\u00e1pido, a tomografia \u00e9 especialmente \u00fatil em situa\u00e7\u00f5es de urg\u00eancia e emerg\u00eancia, inclusive com previs\u00e3o contratual para atendimento nessas condi\u00e7\u00f5es<\/p>\n\n\n\n<p><strong>Resson\u00e2ncia Magn\u00e9tica para usu\u00e1rios CAMED em Fortaleza<br><\/strong>A Resson\u00e2ncia Magn\u00e9tica (RM) \u00e9 um exame que utiliza campo magn\u00e9tico, sem radia\u00e7\u00e3o ionizante, sendo ideal para avalia\u00e7\u00e3o detalhada de tecidos moles, articula\u00e7\u00f5es, sistema nervoso e \u00f3rg\u00e3os internos.<br>Usu\u00e1rios CAMED contam com ampla cobertura de resson\u00e2ncia magn\u00e9tica, conforme contrato vigente<\/p>\n\n\n\n<p><strong>Principais exames de Resson\u00e2ncia realizados:<\/strong><\/p>\n\n\n\n<ul class=\"wp-block-list\">\n<li>RM de Cr\u00e2nio (enc\u00e9falo) <\/li>\n\n\n\n<li>RM de Coluna (cervical, dorsal, lombar)<\/li>\n\n\n\n<li>RM de Abdome Superior<\/li>\n\n\n\n<li>RM de Pelve<\/li>\n\n\n\n<li>RM de Articula\u00e7\u00f5es (joelho, ombro, quadril, tornozelo etc.)<\/li>\n\n\n\n<li>Angio-RM (arterial e venosa)<\/li>\n\n\n\n<li>Hidro-RM (colangio-RM, uro-RM, mielo-RM)<\/li>\n<\/ul>\n\n\n\n<p><strong>Quando a resson\u00e2ncia \u00e9 indicada?<\/strong><\/p>\n\n\n\n<ul class=\"wp-block-list\">\n<li>H\u00e9rnia de disco<\/li>\n\n\n\n<li>Les\u00f5es ligamentares e meniscais<\/li>\n\n\n\n<li>Tumores cerebrais<\/li>\n\n\n\n<li>Esclerose m\u00faltipla<\/li>\n\n\n\n<li>Endometriose profunda<\/li>\n\n\n\n<li>Avalia\u00e7\u00e3o hep\u00e1tica e pancre\u00e1tica<\/li>\n\n\n\n<li>Doen\u00e7as vasculares<\/li>\n\n\n\n<li>Investiga\u00e7\u00e3o oncol\u00f3gica<\/li>\n<\/ul>\n\n\n\n<p>Por n\u00e3o utilizar radia\u00e7\u00e3o, a RM \u00e9 especialmente indicada para acompanhamento cl\u00ednico e avalia\u00e7\u00f5es mais detalhadas.<\/p>\n\n\n\n<p>Atendimento CAMED na Criterium Diagn\u00f3sticos em Fortaleza<br>De acordo com o anexo contratual, os exames de Tomografia e Resson\u00e2ncia podem ser realizados em regime:<\/p>\n\n\n\n<ul class=\"wp-block-list\">\n<li>Ambulatorial eletivo<\/li>\n\n\n\n<li>Urg\u00eancia<\/li>\n\n\n\n<li>Interna\u00e7\u00e3o hospitalar<br><\/li>\n<\/ul>\n\n\n\n<p>Isso garante cobertura para diferentes situa\u00e7\u00f5es cl\u00ednicas, sempre respeitando as diretrizes do plano CAMED.<\/p>\n\n\n\n<p><br>Endere\u00e7o: Rua Costa Barros, 833 \u2013 Centro &#8211; Fortaleza \u2013 CE<br>CEP 60.160-280<\/p>\n\n\n\n<p><strong>Por que escolher a Criterium Diagn\u00f3sticos para Tomografia e Resson\u00e2ncia em Fortaleza?<br><\/strong>Para o usu\u00e1rio CAMED, n\u00e3o basta estar credenciado \u2014 \u00e9 preciso oferecer:<br>\u2714<strong> Agilidade no atendimento<\/strong><br>Exames realizados com organiza\u00e7\u00e3o e pontualidade.<br>\u2714<strong> Humanismo<\/strong><br>Atendimento acolhedor e individualizado.<br>\u2714 <strong>Capacidade t\u00e9cnica<\/strong><br>Equipe m\u00e9dica especializada em Radiologia e Diagn\u00f3stico por Imagem.<br>\u2714 <strong>Tecnologia avan\u00e7ada<\/strong><\/p>\n\n\n\n<p>Equipamentos modernos para exames de alta resolu\u00e7\u00e3o.<br>\u2714 <strong>Compromisso e \u00e9tica<\/strong><br>Atua\u00e7\u00e3o conforme contrato e normas t\u00e9cnicas vigentes<\/p>\n\n\n\n<p><strong>Como agendar sua Tomografia ou Resson\u00e2ncia Magn\u00e9tica pela CAMED?<\/strong><br>Se voc\u00ea \u00e9 benefici\u00e1rio CAMED e possui solicita\u00e7\u00e3o m\u00e9dica para:<\/p>\n\n\n\n<ul class=\"wp-block-list\">\n<li>Tomografia em Fortaleza<\/li>\n\n\n\n<li>Resson\u00e2ncia Magn\u00e9tica em Fortaleza<\/li>\n\n\n\n<li>Angiotomografia<\/li>\n\n\n\n<li>Angio-RM<\/li>\n\n\n\n<li>Resson\u00e2ncia de coluna<\/li>\n\n\n\n<li>Tomografia de abdome<\/li>\n\n\n\n<li>Resson\u00e2ncia de cr\u00e2nio<br><\/li>\n<\/ul>\n\n\n\n<p>Entre em contato com a Criterium Diagn\u00f3sticos e verifique orienta\u00e7\u00f5es sobre autoriza\u00e7\u00e3o e preparo do exame.<\/p>\n\n\n\n<p><strong>Perguntas Frequentes (FAQ)<\/strong><\/p>\n\n\n\n<p><br><strong>Usu\u00e1rio CAMED pode fazer Resson\u00e2ncia Magn\u00e9tica em Fortaleza?<br><\/strong>Sim. A Resson\u00e2ncia Magn\u00e9tica est\u00e1 prevista na cobertura contratual do prestador credenciado<br><strong>Tomografia Computadorizada est\u00e1 coberta pela CAMED?<\/strong><br>Sim. A Tomografia Computadorizada e seus pacotes est\u00e3o previstos no contrato<br><strong>A Criterium \u00e9 credenciada pela CAMED?<br><\/strong>Sim. O INSTITUTO DE DIAGNOSTICO POR IMAGEM S\/S (Criterium Diagn\u00f3sticos) consta como prestador conforme documenta\u00e7\u00e3o contratual Criterium Diagn\u00f3sticos: Refer\u00eancia em Tomografia e Resson\u00e2ncia<br>Magn\u00e9tica para usu\u00e1rios CAMED em Fortaleza. Se voc\u00ea busca Tomografia Computadorizada em Fortaleza pela CAMED ou Resson\u00e2ncia Magn\u00e9tica em Fortaleza com qualidade e seguran\u00e7a, conte com a Criterium Diagn\u00f3sticos.<\/p>\n\n\n\n<p>Diagn\u00f3stico preciso salva tempo, direciona o tratamento correto e traz tranquilidade para voc\u00ea e sua fam\u00edlia.<br>Agende seu exame e conte com uma equipe que une tecnologia, experi\u00eancia e compromisso com a sa\u00fade.<\/p>\n\n\n\n<p><strong>Respons\u00e1vel t\u00e9cnico:<\/strong><\/p>\n\n\n\n<p><strong>Dr. Carlos Leite de Macedo Filho<\/strong><br>M\u00e9dico Radiologista<br>CREMEC 8059 \/ RQE 7574<\/p>\n\n\n\n<p><\/p>\n\n\n\n<script type=\"application\/ld+json\">\n{\n  \"@context\": \"https:\/\/schema.org\",\n  \"@graph\": [\n    {\n      \"@type\": \"MedicalClinic\",\n      \"@id\": \"https:\/\/criteriumdiagnosticos.com.br\/#medicalclinic\",\n      \"name\": \"Criterium Diagn\u00f3sticos\",\n      \"legalName\": \"Instituto de Diagn\u00f3stico por Imagem S\/S\",\n      \"alternateName\": [\n        \"Criterium Diagn\u00f3sticos Fortaleza\",\n        \"Cl\u00ednica de Resson\u00e2ncia Magn\u00e9tica em Fortaleza\",\n        \"Cl\u00ednica de Tomografia Computadorizada em Fortaleza\",\n        \"Centro de Diagn\u00f3stico por Imagem em Fortaleza\",\n        \"Criterium Diagn\u00f3sticos CAMED Fortaleza\",\n        \"Cl\u00ednica de imagem no Centro de Fortaleza\"\n      ],\n      \"url\": \"https:\/\/criteriumdiagnosticos.com.br\/\",\n      \"mainEntityOfPage\": \"https:\/\/criteriumdiagnosticos.com.br\/\",\n      \"telephone\": \"+55-85-3031-1900\",\n      \"priceRange\": \"$$\",\n      \"image\": [\n        \"https:\/\/criteriumdiagnosticos.com.br\/blog\/wp-content\/uploads\/2026\/03\/tomografiaCamed-1200x600.png\"\n      ],\n      \"logo\": \"https:\/\/criteriumdiagnosticos.com.br\/wp-content\/uploads\/2025\/12\/logo-criterium-diagnosticos.png\",\n      \"description\": \"A Criterium Diagn\u00f3sticos \u00e9 cl\u00ednica de diagn\u00f3stico por imagem em Fortaleza, Cear\u00e1, com atua\u00e7\u00e3o em Tomografia Computadorizada, Resson\u00e2ncia Magn\u00e9tica e exames de alta complexidade, atendendo pacientes particulares e de conv\u00eanios, incluindo usu\u00e1rios CAMED, com foco em qualidade diagn\u00f3stica, agilidade, seguran\u00e7a, atendimento humanizado e equipe m\u00e9dica especializada em Radiologia e Diagn\u00f3stico por Imagem. Localizada no Centro de Fortaleza, a cl\u00ednica tamb\u00e9m se conecta geograficamente a bairros estrat\u00e9gicos como Meireles, Coc\u00f3, Dion\u00edsio Torres, Guararapes, Benfica e Joaquim T\u00e1vora, al\u00e9m de atender pacientes da Regi\u00e3o Metropolitana e do interior do Cear\u00e1.\",\n      \"address\": {\n        \"@type\": \"PostalAddress\",\n        \"streetAddress\": \"Rua Costa Barros, 833\",\n        \"addressLocality\": \"Fortaleza\",\n        \"addressRegion\": \"CE\",\n        \"postalCode\": \"60160-280\",\n        \"addressCountry\": \"BR\"\n      },\n      \"geo\": {\n        \"@type\": \"GeoCoordinates\",\n        \"latitude\": -3.731862,\n        \"longitude\": -38.526670\n      },\n      \"hasMap\": \"https:\/\/www.google.com\/maps\/search\/?api=1&query=Rua+Costa+Barros+833,+Fortaleza,+CE\",\n      \"medicalSpecialty\": [\n        \"Radiology\",\n        \"DiagnosticRadiology\"\n      ],\n      \"availableService\": [\n        {\n          \"@type\": \"MedicalProcedure\",\n          \"name\": \"Tomografia Computadorizada em Fortaleza\"\n        },\n        {\n          \"@type\": \"MedicalProcedure\",\n          \"name\": \"Resson\u00e2ncia Magn\u00e9tica em Fortaleza\"\n        },\n        {\n          \"@type\": \"MedicalProcedure\",\n          \"name\": \"Angiotomografia em Fortaleza\"\n        },\n        {\n          \"@type\": \"MedicalProcedure\",\n          \"name\": \"Angio-RM em Fortaleza\"\n        },\n        {\n          \"@type\": \"MedicalProcedure\",\n          \"name\": \"Tomografia de Cr\u00e2nio\"\n        },\n        {\n          \"@type\": \"MedicalProcedure\",\n          \"name\": \"Tomografia de T\u00f3rax\"\n        },\n        {\n          \"@type\": \"MedicalProcedure\",\n          \"name\": \"Tomografia de Abdome Total\"\n        },\n        {\n          \"@type\": \"MedicalProcedure\",\n          \"name\": \"Tomografia de Coluna Cervical\"\n        },\n        {\n          \"@type\": \"MedicalProcedure\",\n          \"name\": \"Tomografia de Coluna Dorsal\"\n        },\n        {\n          \"@type\": \"MedicalProcedure\",\n          \"name\": \"Tomografia de Coluna Lombar\"\n        },\n        {\n          \"@type\": \"MedicalProcedure\",\n          \"name\": \"Tomografia de Pelve\"\n        },\n        {\n          \"@type\": \"MedicalProcedure\",\n          \"name\": \"Resson\u00e2ncia Magn\u00e9tica de Cr\u00e2nio\"\n        },\n        {\n          \"@type\": \"MedicalProcedure\",\n          \"name\": \"Resson\u00e2ncia Magn\u00e9tica de Coluna\"\n        },\n        {\n          \"@type\": \"MedicalProcedure\",\n          \"name\": \"Resson\u00e2ncia Magn\u00e9tica de Abdome Superior\"\n        },\n        {\n          \"@type\": \"MedicalProcedure\",\n          \"name\": \"Resson\u00e2ncia Magn\u00e9tica de Pelve\"\n        },\n        {\n          \"@type\": \"MedicalProcedure\",\n          \"name\": \"Resson\u00e2ncia Magn\u00e9tica de Articula\u00e7\u00f5es\"\n        },\n        {\n          \"@type\": \"MedicalProcedure\",\n          \"name\": \"Hidro-RM\"\n        }\n      ],\n      \"serviceType\": [\n        \"Tomografia Computadorizada\",\n        \"Resson\u00e2ncia Magn\u00e9tica\",\n        \"Diagn\u00f3stico por Imagem\",\n        \"Exames de alta complexidade\",\n        \"Atendimento ambulatorial\",\n        \"Atendimento de urg\u00eancia\",\n        \"Atendimento hospitalar\"\n      ],\n      \"areaServed\": [\n        {\n          \"@type\": \"City\",\n          \"name\": \"Fortaleza\"\n        },\n        {\n          \"@type\": \"Place\",\n          \"name\": \"Centro\"\n        },\n        {\n          \"@type\": \"Place\",\n          \"name\": \"Meireles\"\n        },\n        {\n          \"@type\": \"Place\",\n          \"name\": \"Coc\u00f3\"\n        },\n        {\n          \"@type\": \"Place\",\n          \"name\": \"Dion\u00edsio Torres\"\n        },\n        {\n          \"@type\": \"Place\",\n          \"name\": \"Guararapes\"\n        },\n        {\n          \"@type\": \"Place\",\n          \"name\": \"Benfica\"\n        },\n        {\n          \"@type\": \"Place\",\n          \"name\": \"Joaquim T\u00e1vora\"\n        },\n        {\n          \"@type\": \"AdministrativeArea\",\n          \"name\": \"Regi\u00e3o Metropolitana de Fortaleza\"\n        },\n        {\n          \"@type\": \"AdministrativeArea\",\n          \"name\": \"Cear\u00e1\"\n        },\n        {\n          \"@type\": \"City\",\n          \"name\": \"Sobral\"\n        },\n        {\n          \"@type\": \"City\",\n          \"name\": \"Juazeiro do Norte\"\n        },\n        {\n          \"@type\": \"City\",\n          \"name\": \"Crato\"\n        },\n        {\n          \"@type\": \"City\",\n          \"name\": \"Iguatu\"\n        },\n        {\n          \"@type\": \"City\",\n          \"name\": \"Quixad\u00e1\"\n        }\n      ],\n      \"contactPoint\": [\n        {\n          \"@type\": \"ContactPoint\",\n          \"telephone\": \"+55-85-98119-4819\",\n          \"contactType\": \"customer service\",\n          \"areaServed\": [\n            \"Fortaleza\",\n            \"Centro\",\n            \"Meireles\",\n            \"Coc\u00f3\",\n            \"Dion\u00edsio Torres\",\n            \"Guararapes\",\n            \"Benfica\",\n            \"Joaquim T\u00e1vora\",\n            \"Cear\u00e1\"\n          ],\n          \"availableLanguage\": [\n            \"pt-BR\",\n            \"Portuguese\"\n          ]\n        }\n      ],\n      \"founder\": {\n        \"@id\": \"https:\/\/criteriumdiagnosticos.com.br\/#physician\"\n      },\n      \"employee\": {\n        \"@id\": \"https:\/\/criteriumdiagnosticos.com.br\/#physician\"\n      },\n      \"memberOf\": [\n        {\n          \"@type\": \"MedicalOrganization\",\n          \"name\": \"Col\u00e9gio Brasileiro de Radiologia e Diagn\u00f3stico por Imagem\"\n        },\n        {\n          \"@type\": \"Organization\",\n          \"name\": \"Sociedade Cearense de Radiologia\"\n        },\n        {\n          \"@type\": \"Organization\",\n          \"name\": \"RSNA\"\n        }\n      ],\n      \"sameAs\": [\n        \"https:\/\/www.instagram.com\/criterium.diagnosticos\/\",\n        \"https:\/\/linkedin.com\/company\/criteriumdiagnosticos\",\n        \"https:\/\/medium.com\/@criteriumdiagnosticos\",\n        \"https:\/\/substack.com\/@criteriumdiagnosticos\",\n        \"https:\/\/www.tiktok.com\/@criteriumdiagnosticos\"\n      ]\n    },\n    {\n      \"@type\": \"Physician\",\n      \"@id\": \"https:\/\/criteriumdiagnosticos.com.br\/#physician\",\n      \"name\": \"Dr. Carlos Leite de Macedo Filho\",\n      \"alternateName\": [\n        \"Dr. Carlos Macedo\",\n        \"Carlos Macedo\"\n      ],\n      \"jobTitle\": \"M\u00e9dico Radiologista\",\n      \"description\": \"M\u00e9dico Radiologista respons\u00e1vel t\u00e9cnico da Criterium Diagn\u00f3sticos, com atua\u00e7\u00e3o em Radiologia e Diagn\u00f3stico por Imagem, associado \u00e0 excel\u00eancia t\u00e9cnica em tomografia computadorizada, resson\u00e2ncia magn\u00e9tica e gest\u00e3o m\u00e9dica de cl\u00ednica de imagem em Fortaleza.\",\n      \"medicalSpecialty\": [\n        \"Radiology\",\n        \"DiagnosticRadiology\"\n      ],\n      \"telephone\": \"+55-85-3031-1900\",\n      \"priceRange\": \"$$\",\n      \"image\": [\n        \"https:\/\/criteriumdiagnosticos.com.br\/blog\/wp-content\/uploads\/2026\/03\/tomografiaCamed-1200x600.png\"\n      ],\n      \"address\": {\n        \"@type\": \"PostalAddress\",\n        \"streetAddress\": \"Rua Costa Barros, 833\",\n        \"addressLocality\": \"Fortaleza\",\n        \"addressRegion\": \"CE\",\n        \"postalCode\": \"60160-280\",\n        \"addressCountry\": \"BR\"\n      },\n      \"worksFor\": {\n        \"@id\": \"https:\/\/criteriumdiagnosticos.com.br\/#medicalclinic\"\n      },\n      \"memberOf\": [\n        {\n          \"@type\": \"Organization\",\n          \"name\": \"Col\u00e9gio Brasileiro de Radiologia e Diagn\u00f3stico por Imagem\"\n        },\n        {\n          \"@type\": \"Organization\",\n          \"name\": \"Sociedade Cearense de Radiologia\"\n        },\n        {\n          \"@type\": \"Organization\",\n          \"name\": \"RSNA\"\n        }\n      ],\n      \"alumniOf\": [\n        {\n          \"@type\": \"CollegeOrUniversity\",\n          \"name\": \"Universidade Federal do Cear\u00e1\"\n        },\n        {\n          \"@type\": \"CollegeOrUniversity\",\n          \"name\": \"Hospital S\u00edrio-Liban\u00eas\"\n        },\n        {\n          \"@type\": \"CollegeOrUniversity\",\n          \"name\": \"Universidade de S\u00e3o Paulo\"\n        }\n      ],\n      \"identifier\": [\n        {\n          \"@type\": \"PropertyValue\",\n          \"name\": \"CREMEC\",\n          \"value\": \"8059\"\n        },\n        {\n          \"@type\": \"PropertyValue\",\n          \"name\": \"RQE\",\n          \"value\": \"7574\"\n        }\n      ],\n      \"sameAs\": [\n        \"https:\/\/www.linkedin.com\/in\/drcarlosmacedo\/\",\n        \"https:\/\/www.instagram.com\/drcarlos.macedo\/\"\n      ]\n    },\n    {\n      \"@type\": \"MedicalOrganization\",\n      \"@id\": \"https:\/\/criteriumdiagnosticos.com.br\/#camed-entity\",\n      \"name\": \"CAMED\",\n      \"alternateName\": \"Caixa de Assist\u00eancia dos Funcion\u00e1rios do Banco do Nordeste\",\n      \"description\": \"Operadora de sa\u00fade mencionada na p\u00e1gina como conv\u00eanio atendido pela Criterium Diagn\u00f3sticos em Fortaleza para exames de Tomografia Computadorizada e Resson\u00e2ncia Magn\u00e9tica.\"\n    },\n    {\n      \"@type\": \"WebSite\",\n      \"@id\": \"https:\/\/criteriumdiagnosticos.com.br\/#website\",\n      \"url\": \"https:\/\/criteriumdiagnosticos.com.br\/\",\n      \"name\": \"Criterium Diagn\u00f3sticos\",\n      \"publisher\": {\n        \"@id\": \"https:\/\/criteriumdiagnosticos.com.br\/#medicalclinic\"\n      },\n      \"inLanguage\": \"pt-BR\"\n    },\n    {\n      \"@type\": \"WebPage\",\n      \"@id\": \"https:\/\/criteriumdiagnosticos.com.br\/blog\/tomografia-e-ressonancia-magnetica-para-usuarios-camed-em-fortaleza-diagnostico-avancado-com-qualidade-e-seguranca\/#webpage\",\n      \"url\": \"https:\/\/criteriumdiagnosticos.com.br\/blog\/tomografia-e-ressonancia-magnetica-para-usuarios-camed-em-fortaleza-diagnostico-avancado-com-qualidade-e-seguranca\/\",\n      \"name\": \"Tomografia e Resson\u00e2ncia Magn\u00e9tica para usu\u00e1rios CAMED em Fortaleza: diagn\u00f3stico avan\u00e7ado com qualidade e seguran\u00e7a\",\n      \"isPartOf\": {\n        \"@id\": \"https:\/\/criteriumdiagnosticos.com.br\/#website\"\n      },\n      \"about\": [\n        {\n          \"@id\": \"https:\/\/criteriumdiagnosticos.com.br\/#medicalclinic\"\n        },\n        {\n          \"@id\": \"https:\/\/criteriumdiagnosticos.com.br\/#physician\"\n        },\n        {\n          \"@id\": \"https:\/\/criteriumdiagnosticos.com.br\/#camed-entity\"\n        }\n      ],\n      \"primaryImageOfPage\": {\n        \"@type\": \"ImageObject\",\n        \"url\": \"https:\/\/criteriumdiagnosticos.com.br\/blog\/wp-content\/uploads\/2026\/03\/tomografiaCamed-1200x600.png\"\n      },\n      \"breadcrumb\": {\n        \"@id\": \"https:\/\/criteriumdiagnosticos.com.br\/blog\/tomografia-e-ressonancia-magnetica-para-usuarios-camed-em-fortaleza-diagnostico-avancado-com-qualidade-e-seguranca\/#breadcrumb\"\n      },\n      \"inLanguage\": \"pt-BR\"\n    },\n    {\n      \"@type\": \"BreadcrumbList\",\n      \"@id\": \"https:\/\/criteriumdiagnosticos.com.br\/blog\/tomografia-e-ressonancia-magnetica-para-usuarios-camed-em-fortaleza-diagnostico-avancado-com-qualidade-e-seguranca\/#breadcrumb\",\n      \"itemListElement\": [\n        {\n          \"@type\": \"ListItem\",\n          \"position\": 1,\n          \"name\": \"Home\",\n          \"item\": \"https:\/\/criteriumdiagnosticos.com.br\/\"\n        },\n        {\n          \"@type\": \"ListItem\",\n          \"position\": 2,\n          \"name\": \"Blog\",\n          \"item\": \"https:\/\/criteriumdiagnosticos.com.br\/blog\/\"\n        },\n        {\n          \"@type\": \"ListItem\",\n          \"position\": 3,\n          \"name\": \"CAMED em Fortaleza\",\n          \"item\": \"https:\/\/criteriumdiagnosticos.com.br\/blog\/tomografia-e-ressonancia-magnetica-para-usuarios-camed-em-fortaleza-diagnostico-avancado-com-qualidade-e-seguranca\/\"\n        }\n      ]\n    },\n    {\n      \"@type\": \"BlogPosting\",\n      \"@id\": \"https:\/\/criteriumdiagnosticos.com.br\/blog\/tomografia-e-ressonancia-magnetica-para-usuarios-camed-em-fortaleza-diagnostico-avancado-com-qualidade-e-seguranca\/#blogposting\",\n      \"mainEntityOfPage\": {\n        \"@id\": \"https:\/\/criteriumdiagnosticos.com.br\/blog\/tomografia-e-ressonancia-magnetica-para-usuarios-camed-em-fortaleza-diagnostico-avancado-com-qualidade-e-seguranca\/#webpage\"\n      },\n      \"headline\": \"Tomografia e Resson\u00e2ncia Magn\u00e9tica para usu\u00e1rios CAMED em Fortaleza: diagn\u00f3stico avan\u00e7ado com qualidade e seguran\u00e7a\",\n      \"alternativeHeadline\": \"CAMED em Fortaleza: onde fazer Tomografia Computadorizada e Resson\u00e2ncia Magn\u00e9tica com qualidade, seguran\u00e7a e agilidade\",\n      \"description\": \"Saiba quais exames de Tomografia Computadorizada e Resson\u00e2ncia Magn\u00e9tica est\u00e3o dispon\u00edveis para usu\u00e1rios CAMED em Fortaleza, como funciona o atendimento ambulatorial, de urg\u00eancia e internamento, quando cada exame \u00e9 indicado e por que a Criterium Diagn\u00f3sticos \u00e9 refer\u00eancia em diagn\u00f3stico por imagem no Centro de Fortaleza, com forte conex\u00e3o geogr\u00e1fica com Meireles, Coc\u00f3, Dion\u00edsio Torres, Guararapes, Benfica e Joaquim T\u00e1vora, al\u00e9m de atender pacientes do interior do Cear\u00e1.\",\n      \"keywords\": [\n        \"CAMED Fortaleza\",\n        \"conv\u00eanio CAMED Fortaleza\",\n        \"Tomografia Fortaleza CAMED\",\n        \"Resson\u00e2ncia Magn\u00e9tica Fortaleza CAMED\",\n        \"Tomografia Computadorizada em Fortaleza\",\n        \"Resson\u00e2ncia Magn\u00e9tica em Fortaleza\",\n        \"Cl\u00ednica de imagem em Fortaleza\",\n        \"Diagn\u00f3stico por imagem em Fortaleza\",\n        \"Tomografia no Centro de Fortaleza\",\n        \"Resson\u00e2ncia Magn\u00e9tica no Centro de Fortaleza\",\n        \"Tomografia Meireles\",\n        \"Resson\u00e2ncia Magn\u00e9tica Meireles\",\n        \"Tomografia Coc\u00f3\",\n        \"Resson\u00e2ncia Magn\u00e9tica Coc\u00f3\",\n        \"Tomografia Dion\u00edsio Torres\",\n        \"Resson\u00e2ncia Magn\u00e9tica Dion\u00edsio Torres\",\n        \"Tomografia Guararapes\",\n        \"Resson\u00e2ncia Magn\u00e9tica Guararapes\",\n        \"Tomografia Benfica\",\n        \"Resson\u00e2ncia Magn\u00e9tica Benfica\",\n        \"Tomografia Joaquim T\u00e1vora\",\n        \"Resson\u00e2ncia Magn\u00e9tica Joaquim T\u00e1vora\",\n        \"Angiotomografia Fortaleza\",\n        \"Angio-RM Fortaleza\",\n        \"Tomografia de Cr\u00e2nio Fortaleza\",\n        \"Tomografia de T\u00f3rax Fortaleza\",\n        \"Tomografia de Abdome Fortaleza\",\n        \"Resson\u00e2ncia de coluna Fortaleza\",\n        \"Resson\u00e2ncia de cr\u00e2nio Fortaleza\",\n        \"Cl\u00ednica credenciada CAMED em Fortaleza\",\n        \"Criterium Diagn\u00f3sticos\",\n        \"Dr. Carlos Macedo\",\n        \"exames de imagem no Cear\u00e1\",\n        \"resson\u00e2ncia magn\u00e9tica para pacientes do interior do Cear\u00e1\",\n        \"tomografia computadorizada para pacientes do interior do Cear\u00e1\",\n        \"Tomografia Sobral\",\n        \"Resson\u00e2ncia Magn\u00e9tica Sobral\",\n        \"Tomografia Juazeiro do Norte\",\n        \"Resson\u00e2ncia Magn\u00e9tica Juazeiro do Norte\",\n        \"Tomografia Crato\",\n        \"Resson\u00e2ncia Magn\u00e9tica Crato\",\n        \"Tomografia Iguatu\",\n        \"Resson\u00e2ncia Magn\u00e9tica Iguatu\",\n        \"Tomografia Quixad\u00e1\",\n        \"Resson\u00e2ncia Magn\u00e9tica Quixad\u00e1\"\n      ],\n      \"articleSection\": \"Conv\u00eanios e Sa\u00fade\",\n      \"genre\": \"Sa\u00fade\",\n      \"inLanguage\": \"pt-BR\",\n      \"datePublished\": \"2026-03-02T00:00:00-03:00\",\n      \"dateModified\": \"2026-04-16T00:45:00-03:00\",\n      \"author\": {\n        \"@id\": \"https:\/\/criteriumdiagnosticos.com.br\/#physician\"\n      },\n      \"publisher\": {\n        \"@id\": \"https:\/\/criteriumdiagnosticos.com.br\/#medicalclinic\"\n      },\n      \"image\": [\n        \"https:\/\/criteriumdiagnosticos.com.br\/blog\/wp-content\/uploads\/2026\/03\/tomografiaCamed-1200x600.png\"\n      ],\n      \"thumbnailUrl\": \"https:\/\/criteriumdiagnosticos.com.br\/blog\/wp-content\/uploads\/2026\/03\/tomografiaCamed-1200x600.png\",\n      \"about\": [\n        {\n          \"@id\": \"https:\/\/criteriumdiagnosticos.com.br\/#camed-entity\"\n        },\n        {\n          \"@type\": \"MedicalProcedure\",\n          \"name\": \"Tomografia Computadorizada\"\n        },\n        {\n          \"@type\": \"MedicalProcedure\",\n          \"name\": \"Resson\u00e2ncia Magn\u00e9tica\"\n        },\n        {\n          \"@type\": \"MedicalClinic\",\n          \"name\": \"Criterium Diagn\u00f3sticos\"\n        },\n        {\n          \"@type\": \"Place\",\n          \"name\": \"Fortaleza\"\n        },\n        {\n          \"@type\": \"Place\",\n          \"name\": \"Centro\"\n        },\n        {\n          \"@type\": \"Place\",\n          \"name\": \"Meireles\"\n        },\n        {\n          \"@type\": \"Place\",\n          \"name\": \"Coc\u00f3\"\n        },\n        {\n          \"@type\": \"Place\",\n          \"name\": \"Dion\u00edsio Torres\"\n        },\n        {\n          \"@type\": \"Place\",\n          \"name\": \"Guararapes\"\n        },\n        {\n          \"@type\": \"Place\",\n          \"name\": \"Benfica\"\n        },\n        {\n          \"@type\": \"Place\",\n          \"name\": \"Joaquim T\u00e1vora\"\n        },\n        {\n          \"@type\": \"AdministrativeArea\",\n          \"name\": \"Cear\u00e1\"\n        }\n      ],\n      \"mentions\": [\n        {\n          \"@type\": \"MedicalIndication\",\n          \"name\": \"Trauma e emerg\u00eancia\"\n        },\n        {\n          \"@type\": \"MedicalIndication\",\n          \"name\": \"Dor abdominal aguda\"\n        },\n        {\n          \"@type\": \"MedicalIndication\",\n          \"name\": \"Suspeita de AVC\"\n        },\n        {\n          \"@type\": \"MedicalIndication\",\n          \"name\": \"Investiga\u00e7\u00e3o de tumores\"\n        },\n        {\n          \"@type\": \"MedicalIndication\",\n          \"name\": \"Avalia\u00e7\u00e3o pulmonar\"\n        },\n        {\n          \"@type\": \"MedicalIndication\",\n          \"name\": \"C\u00e1lculos renais\"\n        },\n        {\n          \"@type\": \"MedicalIndication\",\n          \"name\": \"Doen\u00e7as vasculares\"\n        },\n        {\n          \"@type\": \"MedicalIndication\",\n          \"name\": \"H\u00e9rnia de disco\"\n        },\n        {\n          \"@type\": \"MedicalIndication\",\n          \"name\": \"Les\u00f5es ligamentares e meniscais\"\n        },\n        {\n          \"@type\": \"MedicalIndication\",\n          \"name\": \"Tumores cerebrais\"\n        },\n        {\n          \"@type\": \"MedicalIndication\",\n          \"name\": \"Esclerose m\u00faltipla\"\n        },\n        {\n          \"@type\": \"MedicalIndication\",\n          \"name\": \"Endometriose profunda\"\n        },\n        {\n          \"@type\": \"MedicalIndication\",\n          \"name\": \"Avalia\u00e7\u00e3o hep\u00e1tica e pancre\u00e1tica\"\n        },\n        {\n          \"@type\": \"MedicalIndication\",\n          \"name\": \"Investiga\u00e7\u00e3o oncol\u00f3gica\"\n        }\n      ],\n      \"articleBody\": \"Resson\u00e2ncia Magn\u00e9tica e Tomografia Computadorizada para usu\u00e1rios CAMED em Fortaleza devem ser realizadas em cl\u00ednica credenciada, com excel\u00eancia t\u00e9cnica, agilidade no atendimento e compromisso com a qualidade diagn\u00f3stica. A Criterium Diagn\u00f3sticos, em Fortaleza-CE, atua como prestadora credenciada da CAMED, oferecendo cobertura para exames de imagem de alta complexidade, incluindo Tomografia Computadorizada, Resson\u00e2ncia Magn\u00e9tica, Angiotomografia e Angio-RM. O atendimento contempla situa\u00e7\u00f5es ambulatoriais eletivas, urg\u00eancia e internamento hospitalar. Entre os exames de tomografia est\u00e3o TC de cr\u00e2nio, t\u00f3rax, abdome total, coluna cervical, dorsal e lombar, pelve e estudos vasculares. Entre os exames de resson\u00e2ncia est\u00e3o RM de cr\u00e2nio, coluna, abdome superior, pelve, articula\u00e7\u00f5es e hidro-RM. O conte\u00fado explica quando cada exame costuma ser indicado, em contextos como trauma, emerg\u00eancia, AVC, h\u00e9rnia de disco, les\u00f5es ligamentares, tumores, doen\u00e7as vasculares, endometriose profunda e acompanhamento oncol\u00f3gico. Localizada no Centro de Fortaleza, a Criterium Diagn\u00f3sticos refor\u00e7a sua relev\u00e2ncia geogr\u00e1fica para pacientes de bairros estrat\u00e9gicos como Meireles, Coc\u00f3, Dion\u00edsio Torres, Guararapes, Benfica e Joaquim T\u00e1vora, al\u00e9m de se posicionar como refer\u00eancia para pacientes da Regi\u00e3o Metropolitana e do interior do Cear\u00e1, incluindo Sobral, Juazeiro do Norte, Crato, Iguatu e Quixad\u00e1.\",\n      \"speakable\": {\n        \"@type\": \"SpeakableSpecification\",\n        \"cssSelector\": [\n          \"h1\",\n          \"h2\",\n          \".entry-title\",\n          \".post-title\"\n        ]\n      },\n      \"isAccessibleForFree\": true\n    },\n    {\n      \"@type\": \"FAQPage\",\n      \"@id\": \"https:\/\/criteriumdiagnosticos.com.br\/blog\/tomografia-e-ressonancia-magnetica-para-usuarios-camed-em-fortaleza-diagnostico-avancado-com-qualidade-e-seguranca\/#faq\",\n      \"mainEntity\": [\n        {\n          \"@type\": \"Question\",\n          \"name\": \"Usu\u00e1rio CAMED pode fazer Resson\u00e2ncia Magn\u00e9tica em Fortaleza?\",\n          \"acceptedAnswer\": {\n            \"@type\": \"Answer\",\n            \"text\": \"Sim. Usu\u00e1rios CAMED podem realizar Resson\u00e2ncia Magn\u00e9tica em Fortaleza em prestador credenciado, conforme cobertura contratual vigente.\"\n          }\n        },\n        {\n          \"@type\": \"Question\",\n          \"name\": \"Tomografia Computadorizada est\u00e1 coberta pela CAMED?\",\n          \"acceptedAnswer\": {\n            \"@type\": \"Answer\",\n            \"text\": \"Sim. A Tomografia Computadorizada e seus pacotes constam na cobertura prevista para o prestador credenciado.\"\n          }\n        },\n        {\n          \"@type\": \"Question\",\n          \"name\": \"A Criterium Diagn\u00f3sticos \u00e9 credenciada pela CAMED em Fortaleza?\",\n          \"acceptedAnswer\": {\n            \"@type\": \"Answer\",\n            \"text\": \"Sim. O Instituto de Diagn\u00f3stico por Imagem S\/S, Criterium Diagn\u00f3sticos, consta como prestador credenciado para atendimento CAMED.\"\n          }\n        },\n        {\n          \"@type\": \"Question\",\n          \"name\": \"Quais exames de imagem CAMED podem ser realizados na Criterium Diagn\u00f3sticos?\",\n          \"acceptedAnswer\": {\n            \"@type\": \"Answer\",\n            \"text\": \"Podem ser realizados exames como Tomografia Computadorizada, Resson\u00e2ncia Magn\u00e9tica, Angiotomografia, Angio-RM, Tomografia de cr\u00e2nio, t\u00f3rax, abdome, coluna e pelve, al\u00e9m de Resson\u00e2ncia de cr\u00e2nio, coluna, abdome superior, pelve e articula\u00e7\u00f5es.\"\n          }\n        },\n        {\n          \"@type\": \"Question\",\n          \"name\": \"Em quais situa\u00e7\u00f5es o atendimento CAMED pode ocorrer?\",\n          \"acceptedAnswer\": {\n            \"@type\": \"Answer\",\n            \"text\": \"O atendimento pode ocorrer em regime ambulatorial eletivo, urg\u00eancia e interna\u00e7\u00e3o hospitalar, de acordo com a indica\u00e7\u00e3o cl\u00ednica e com as diretrizes do plano.\"\n          }\n        },\n        {\n          \"@type\": \"Question\",\n          \"name\": \"Quando a Tomografia Computadorizada costuma ser indicada?\",\n          \"acceptedAnswer\": {\n            \"@type\": \"Answer\",\n            \"text\": \"A Tomografia costuma ser indicada em trauma, emerg\u00eancia, dor abdominal aguda, suspeita de AVC, investiga\u00e7\u00e3o de tumores, avalia\u00e7\u00e3o pulmonar, c\u00e1lculos renais e doen\u00e7as vasculares.\"\n          }\n        },\n        {\n          \"@type\": \"Question\",\n          \"name\": \"Quando a Resson\u00e2ncia Magn\u00e9tica costuma ser indicada?\",\n          \"acceptedAnswer\": {\n            \"@type\": \"Answer\",\n            \"text\": \"A Resson\u00e2ncia Magn\u00e9tica costuma ser indicada em h\u00e9rnia de disco, les\u00f5es ligamentares e meniscais, tumores cerebrais, esclerose m\u00faltipla, endometriose profunda, avalia\u00e7\u00e3o hep\u00e1tica e pancre\u00e1tica, doen\u00e7as vasculares e investiga\u00e7\u00e3o oncol\u00f3gica.\"\n          }\n        },\n        {\n          \"@type\": \"Question\",\n          \"name\": \"Pacientes de bairros como Meireles, Coc\u00f3, Dion\u00edsio Torres, Guararapes, Benfica e Joaquim T\u00e1vora podem agendar exames na Criterium Diagn\u00f3sticos?\",\n          \"acceptedAnswer\": {\n            \"@type\": \"Answer\",\n            \"text\": \"Sim. A Criterium Diagn\u00f3sticos, localizada no Centro de Fortaleza, atende pacientes de diversos bairros da capital que buscam Tomografia Computadorizada e Resson\u00e2ncia Magn\u00e9tica com qualidade, seguran\u00e7a e atendimento especializado.\"\n          }\n        },\n        {\n          \"@type\": \"Question\",\n          \"name\": \"Pacientes do interior do Cear\u00e1 podem agendar exames na Criterium Diagn\u00f3sticos em Fortaleza?\",\n          \"acceptedAnswer\": {\n            \"@type\": \"Answer\",\n            \"text\": \"Sim. A Criterium Diagn\u00f3sticos em Fortaleza atende pacientes da capital, da Regi\u00e3o Metropolitana e do interior do Cear\u00e1 que buscam Tomografia Computadorizada e Resson\u00e2ncia Magn\u00e9tica com qualidade e seguran\u00e7a.\"\n          }\n        },\n        {\n          \"@type\": \"Question\",\n          \"name\": \"Como agendar Tomografia ou Resson\u00e2ncia Magn\u00e9tica pela CAMED em Fortaleza?\",\n          \"acceptedAnswer\": {\n            \"@type\": \"Answer\",\n            \"text\": \"O benefici\u00e1rio CAMED com solicita\u00e7\u00e3o m\u00e9dica deve entrar em contato com a Criterium Diagn\u00f3sticos para receber orienta\u00e7\u00f5es sobre autoriza\u00e7\u00e3o, preparo e disponibilidade do exame.\"\n          }\n        }\n      ]\n    }\n  ]\n}\n<\/script>\n","protected":false},"excerpt":{"rendered":"<p>Se voc\u00ea \u00e9 benefici\u00e1rio CAMED em Fortaleza e precisa realizar Tomografia Computadorizada (TC) ou Resson\u00e2ncia Magn\u00e9tica (RM), \u00e9 fundamental escolher uma cl\u00ednica credenciada, com excel\u00eancia&#8230;<\/p>\n","protected":false},"author":1,"featured_media":3822,"comment_status":"open","ping_status":"open","sticky":false,"template":"","format":"standard","meta":{"_joinchat":[],"footnotes":""},"categories":[2,6,9],"tags":[12,36,75],"class_list":["post-3790","post","type-post","status-publish","format-standard","has-post-thumbnail","hentry","category-convenio","category-ressonancia","category-tomografia","tag-camed","tag-exame-ressonancia","tag-ressonancia-fortaleza"],"_links":{"self":[{"href":"https:\/\/criteriumdiagnosticos.com.br\/blog\/wp-json\/wp\/v2\/posts\/3790","targetHints":{"allow":["GET"]}}],"collection":[{"href":"https:\/\/criteriumdiagnosticos.com.br\/blog\/wp-json\/wp\/v2\/posts"}],"about":[{"href":"https:\/\/criteriumdiagnosticos.com.br\/blog\/wp-json\/wp\/v2\/types\/post"}],"author":[{"embeddable":true,"href":"https:\/\/criteriumdiagnosticos.com.br\/blog\/wp-json\/wp\/v2\/users\/1"}],"replies":[{"embeddable":true,"href":"https:\/\/criteriumdiagnosticos.com.br\/blog\/wp-json\/wp\/v2\/comments?post=3790"}],"version-history":[{"count":0,"href":"https:\/\/criteriumdiagnosticos.com.br\/blog\/wp-json\/wp\/v2\/posts\/3790\/revisions"}],"wp:featuredmedia":[{"embeddable":true,"href":"https:\/\/criteriumdiagnosticos.com.br\/blog\/wp-json\/wp\/v2\/media\/3822"}],"wp:attachment":[{"href":"https:\/\/criteriumdiagnosticos.com.br\/blog\/wp-json\/wp\/v2\/media?parent=3790"}],"wp:term":[{"taxonomy":"category","embeddable":true,"href":"https:\/\/criteriumdiagnosticos.com.br\/blog\/wp-json\/wp\/v2\/categories?post=3790"},{"taxonomy":"post_tag","embeddable":true,"href":"https:\/\/criteriumdiagnosticos.com.br\/blog\/wp-json\/wp\/v2\/tags?post=3790"}],"curies":[{"name":"wp","href":"https:\/\/api.w.org\/{rel}","templated":true}]}}