{"id":3781,"date":"2026-02-12T20:54:29","date_gmt":"2026-02-12T20:54:29","guid":{"rendered":"https:\/\/criteriumdiagnosticos.com.br\/blog\/?p=3781"},"modified":"2026-02-12T20:54:29","modified_gmt":"2026-02-12T20:54:29","slug":"dr-carlos-macedo-excelencia-e-lideranca-em-diagnostico-por-imagem","status":"publish","type":"post","link":"https:\/\/criteriumdiagnosticos.com.br\/blog\/dr-carlos-macedo-excelencia-e-lideranca-em-diagnostico-por-imagem\/","title":{"rendered":"Dr. Carlos Macedo: excel\u00eancia e lideran\u00e7a em Diagn\u00f3stico por Imagem"},"content":{"rendered":"\n<p>A Radiologia \u00e9 uma das bases mais importantes para decis\u00f5es m\u00e9dicas seguras e precisas. Na Criterium Diagn\u00f3sticos, essa responsabilidade est\u00e1 sob a lideran\u00e7a do Dr. Carlos Macedo, Radiologista Chefe da institui\u00e7\u00e3o e profissional com forma\u00e7\u00e3o em alguns dos mais renomados centros m\u00e9dicos do Brasil e do exterior.<\/p>\n\n\n\n<p>Graduado em Medicina pela Universidade Federal do Cear\u00e1 (UFC), institui\u00e7\u00e3o com nota m\u00e1xima no MEC, o Dr. Carlos construiu uma trajet\u00f3ria pautada pela busca constante por excel\u00eancia t\u00e9cnica, atualiza\u00e7\u00e3o cient\u00edfica e precis\u00e3o diagn\u00f3stica. Realizou resid\u00eancia m\u00e9dica em Radiologia e Diagn\u00f3stico por Imagem no Hospital S\u00edrio-Liban\u00eas, em S\u00e3o Paulo, um dos principais centros de refer\u00eancia do pa\u00eds. Posteriormente, aprofundou sua forma\u00e7\u00e3o com especializa\u00e7\u00e3o (R4) em Radiologia de Emerg\u00eancia e Radiologia Intervencionista no INRAD\/USP.<\/p>\n\n\n\n<p>Sua qualifica\u00e7\u00e3o internacional inclui Fellowship em Radiologia Abdominal e Interven\u00e7\u00e3o no St. Paul\u2019s Hospital, em Vancouver, no Canad\u00e1, ampliando sua vis\u00e3o global sobre tecnologia, protocolos de qualidade e seguran\u00e7a assistencial.<\/p>\n\n\n\n<p>Ao longo da carreira, integrou o corpo cl\u00ednico do Departamento de Imagem do Hospital Israelita Albert Einstein, em S\u00e3o Paulo, institui\u00e7\u00e3o reconhecida internacionalmente pela excel\u00eancia em sa\u00fade. Tamb\u00e9m exerceu papel de lideran\u00e7a como Presidente da Sociedade Cearense de Radiologia (2011\u20132013), contribuindo de forma ativa para o fortalecimento e desenvolvimento da especialidade no estado.<\/p>\n\n\n\n<p>Membro Titular do Col\u00e9gio Brasileiro de Radiologia (CBR) e integrante da Radiological Society of North America (RSNA), o Dr. Carlos mant\u00e9m constante atualiza\u00e7\u00e3o cient\u00edfica, alinhando pr\u00e1tica cl\u00ednica, inova\u00e7\u00e3o tecnol\u00f3gica e rigor t\u00e9cnico.<\/p>\n\n\n\n<p>Na Criterium Diagn\u00f3sticos, sua atua\u00e7\u00e3o vai al\u00e9m da interpreta\u00e7\u00e3o de exames. Ele lidera uma equipe comprometida com qualidade, seguran\u00e7a e responsabilidade m\u00e9dica, garantindo que cada exame seja conduzido com crit\u00e9rio cl\u00ednico, precis\u00e3o diagn\u00f3stica e foco absoluto no paciente.<\/p>\n\n\n\n<p><strong>Criterium Diagn\u00f3sticos: onde a tecnologia se alia ao crit\u00e9rio.<\/strong><\/p>\n\n\n\n<script type=\"application\/ld+json\">\n{\n  \"@context\": \"https:\/\/schema.org\",\n  \"@graph\": [\n    {\n      \"@type\": \"MedicalClinic\",\n      \"@id\": \"https:\/\/criteriumdiagnosticos.com.br\/#organization\",\n      \"name\": \"Criterium Diagn\u00f3sticos\",\n      \"alternateName\": [\n        \"S\u00e3o Camilo Imagem\",\n        \"Instituto de Diagn\u00f3stico por Imagem Ltda\"\n      ],\n      \"url\": \"https:\/\/criteriumdiagnosticos.com.br\/\",\n      \"logo\": {\n        \"@type\": \"ImageObject\",\n        \"url\": \"https:\/\/criteriumdiagnosticos.com.br\/_ipx\/f_webp%26q_80\/Criterium_logo%20branca.png\"\n      },\n      \"image\": {\n        \"@type\": \"ImageObject\",\n        \"url\": \"https:\/\/criteriumdiagnosticos.com.br\/blog\/wp-content\/uploads\/2026\/02\/responsavel_tecnico-1159x600.jpeg\"\n      },\n      \"description\": \"Cl\u00ednica de diagn\u00f3stico por imagem em Fortaleza especializada em resson\u00e2ncia magn\u00e9tica, tomografia computadorizada, ultrassonografia, doppler, mamografia, densitometria \u00f3ssea e raio X, com atendimento humanizado, agilidade operacional e lideran\u00e7a m\u00e9dica especializada.\",\n      \"telephone\": \"+55 85 3031-1900\",\n      \"priceRange\": \"$$\",\n      \"address\": {\n        \"@type\": \"PostalAddress\",\n        \"streetAddress\": \"Rua Costa Barros, 833\",\n        \"addressLocality\": \"Fortaleza\",\n        \"addressRegion\": \"CE\",\n        \"postalCode\": \"60160-280\",\n        \"addressCountry\": \"BR\"\n      },\n      \"sameAs\": [\n        \"https:\/\/criteriumdiagnosticos.com.br\/\",\n        \"https:\/\/www.instagram.com\/criterium.diagnosticos\/\",\n        \"https:\/\/www.facebook.com\/criteriumdiagnosticos\",\n        \"https:\/\/www.linkedin.com\/company\/criteriumdiagnosticos\",\n        \"https:\/\/www.tiktok.com\/@criteriumdiagnosticos\",\n        \"https:\/\/medium.com\/@criteriumdiagnosticos\",\n        \"https:\/\/substack.com\/@criteriumdiagnosticos\"\n      ]\n    },\n    {\n      \"@type\": [\n        \"Person\",\n        \"Physician\"\n      ],\n      \"@id\": \"https:\/\/criteriumdiagnosticos.com.br\/#dr-carlos-macedo\",\n      \"name\": \"Dr. Carlos Macedo\",\n      \"alternateName\": [\n        \"Dr. Carlos Leite de Macedo Filho\",\n        \"Carlos Macedo\"\n      ],\n      \"honorificPrefix\": \"Dr.\",\n      \"url\": \"https:\/\/criteriumdiagnosticos.com.br\/blog\/dr-carlos-macedo-excelencia-e-lideranca-em-diagnostico-por-imagem\/\",\n      \"image\": {\n        \"@type\": \"ImageObject\",\n        \"url\": \"https:\/\/criteriumdiagnosticos.com.br\/blog\/wp-content\/uploads\/2026\/02\/responsavel_tecnico-1159x600.jpeg\"\n      },\n      \"description\": \"M\u00e9dico Radiologista, Radiologista Chefe e lideran\u00e7a m\u00e9dica da Criterium Diagn\u00f3sticos, com forma\u00e7\u00e3o nacional e internacional em diagn\u00f3stico por imagem, radiologia de emerg\u00eancia, radiologia intervencionista e radiologia abdominal.\",\n      \"jobTitle\": [\n        \"M\u00e9dico Radiologista\",\n        \"Radiologista Chefe\",\n        \"Diretor Cl\u00ednico\"\n      ],\n      \"medicalSpecialty\": [\n        \"Radiology\",\n        \"DiagnosticImaging\"\n      ],\n      \"worksFor\": {\n        \"@id\": \"https:\/\/criteriumdiagnosticos.com.br\/#organization\"\n      },\n      \"telephone\": \"+55 85 3031-1900\",\n      \"priceRange\": \"$$\",\n      \"address\": {\n        \"@type\": \"PostalAddress\",\n        \"streetAddress\": \"Rua Costa Barros, 833\",\n        \"addressLocality\": \"Fortaleza\",\n        \"addressRegion\": \"CE\",\n        \"postalCode\": \"60160-280\",\n        \"addressCountry\": \"BR\"\n      },\n      \"sameAs\": [\n        \"https:\/\/www.linkedin.com\/in\/drcarlosmacedo\",\n        \"https:\/\/criteriumdiagnosticos.com.br\/blog\/dr-carlos-macedo-excelencia-e-lideranca-em-diagnostico-por-imagem\/\"\n      ],\n      \"hasCredential\": [\n        {\n          \"@type\": \"EducationalOccupationalCredential\",\n          \"credentialCategory\": \"Gradua\u00e7\u00e3o em Medicina pela Universidade Federal do Cear\u00e1\"\n        },\n        {\n          \"@type\": \"EducationalOccupationalCredential\",\n          \"credentialCategory\": \"Resid\u00eancia M\u00e9dica em Radiologia e Diagn\u00f3stico por Imagem no Hospital S\u00edrio-Liban\u00eas\"\n        },\n        {\n          \"@type\": \"EducationalOccupationalCredential\",\n          \"credentialCategory\": \"Especializa\u00e7\u00e3o R4 em Radiologia de Emerg\u00eancia e Radiologia Intervencionista no INRAD\/USP\"\n        },\n        {\n          \"@type\": \"EducationalOccupationalCredential\",\n          \"credentialCategory\": \"Fellowship em Radiologia Abdominal e Interven\u00e7\u00e3o no St. Paul's Hospital\"\n        },\n        {\n          \"@type\": \"EducationalOccupationalCredential\",\n          \"credentialCategory\": \"CREMEC 8059\"\n        },\n        {\n          \"@type\": \"EducationalOccupationalCredential\",\n          \"credentialCategory\": \"RQE 7574\"\n        }\n      ],\n      \"award\": [\n        \"Presidente da Sociedade Cearense de Radiologia (2011\u20132013)\",\n        \"Membro Titular do Col\u00e9gio Brasileiro de Radiologia e Diagn\u00f3stico por Imagem\",\n        \"Membro da Radiological Society of North America\"\n      ],\n      \"knowsAbout\": [\n        \"Radiologia\",\n        \"Diagn\u00f3stico por Imagem\",\n        \"Radiologia de Emerg\u00eancia\",\n        \"Radiologia Intervencionista\",\n        \"Radiologia Abdominal\",\n        \"Tomografia Computadorizada\",\n        \"Tomografia Multislice\",\n        \"Resson\u00e2ncia Magn\u00e9tica\",\n        \"Laudos m\u00e9dicos especializados\",\n        \"Precis\u00e3o diagn\u00f3stica\",\n        \"Tecnologia em imagem m\u00e9dica\",\n        \"Seguran\u00e7a assistencial\",\n        \"Gest\u00e3o m\u00e9dica em cl\u00ednicas de imagem\"\n      ]\n    },\n    {\n      \"@type\": \"BlogPosting\",\n      \"@id\": \"https:\/\/criteriumdiagnosticos.com.br\/blog\/dr-carlos-macedo-excelencia-e-lideranca-em-diagnostico-por-imagem\/#post\",\n      \"mainEntityOfPage\": {\n        \"@type\": \"WebPage\",\n        \"@id\": \"https:\/\/criteriumdiagnosticos.com.br\/blog\/dr-carlos-macedo-excelencia-e-lideranca-em-diagnostico-por-imagem\/\"\n      },\n      \"headline\": \"Dr. Carlos Macedo: excel\u00eancia e lideran\u00e7a em Diagn\u00f3stico por Imagem\",\n      \"description\": \"Conhe\u00e7a a trajet\u00f3ria, a forma\u00e7\u00e3o nacional e internacional e a lideran\u00e7a do Dr. Carlos Macedo na Criterium Diagn\u00f3sticos, refer\u00eancia em diagn\u00f3stico por imagem em Fortaleza e no Cear\u00e1.\",\n      \"datePublished\": \"2026-02-12T00:00:00-03:00\",\n      \"dateModified\": \"2026-02-12T00:00:00-03:00\",\n      \"inLanguage\": \"pt-BR\",\n      \"author\": {\n        \"@id\": \"https:\/\/criteriumdiagnosticos.com.br\/#dr-carlos-macedo\"\n      },\n      \"publisher\": {\n        \"@id\": \"https:\/\/criteriumdiagnosticos.com.br\/#organization\"\n      },\n      \"image\": {\n        \"@type\": \"ImageObject\",\n        \"url\": \"https:\/\/criteriumdiagnosticos.com.br\/blog\/wp-content\/uploads\/2026\/02\/responsavel_tecnico-1159x600.jpeg\"\n      }\n    }\n  ]\n}\n<\/script>\n","protected":false},"excerpt":{"rendered":"<p>A Radiologia \u00e9 uma das bases mais importantes para decis\u00f5es m\u00e9dicas seguras e precisas. Na Criterium Diagn\u00f3sticos, essa responsabilidade est\u00e1 sob a lideran\u00e7a do Dr&#8230;.<\/p>\n","protected":false},"author":1,"featured_media":3826,"comment_status":"open","ping_status":"open","sticky":false,"template":"","format":"standard","meta":{"_joinchat":[],"footnotes":""},"categories":[3],"tags":[75],"class_list":["post-3781","post","type-post","status-publish","format-standard","has-post-thumbnail","hentry","category-institucional","tag-ressonancia-fortaleza"],"_links":{"self":[{"href":"https:\/\/criteriumdiagnosticos.com.br\/blog\/wp-json\/wp\/v2\/posts\/3781","targetHints":{"allow":["GET"]}}],"collection":[{"href":"https:\/\/criteriumdiagnosticos.com.br\/blog\/wp-json\/wp\/v2\/posts"}],"about":[{"href":"https:\/\/criteriumdiagnosticos.com.br\/blog\/wp-json\/wp\/v2\/types\/post"}],"author":[{"embeddable":true,"href":"https:\/\/criteriumdiagnosticos.com.br\/blog\/wp-json\/wp\/v2\/users\/1"}],"replies":[{"embeddable":true,"href":"https:\/\/criteriumdiagnosticos.com.br\/blog\/wp-json\/wp\/v2\/comments?post=3781"}],"version-history":[{"count":0,"href":"https:\/\/criteriumdiagnosticos.com.br\/blog\/wp-json\/wp\/v2\/posts\/3781\/revisions"}],"wp:featuredmedia":[{"embeddable":true,"href":"https:\/\/criteriumdiagnosticos.com.br\/blog\/wp-json\/wp\/v2\/media\/3826"}],"wp:attachment":[{"href":"https:\/\/criteriumdiagnosticos.com.br\/blog\/wp-json\/wp\/v2\/media?parent=3781"}],"wp:term":[{"taxonomy":"category","embeddable":true,"href":"https:\/\/criteriumdiagnosticos.com.br\/blog\/wp-json\/wp\/v2\/categories?post=3781"},{"taxonomy":"post_tag","embeddable":true,"href":"https:\/\/criteriumdiagnosticos.com.br\/blog\/wp-json\/wp\/v2\/tags?post=3781"}],"curies":[{"name":"wp","href":"https:\/\/api.w.org\/{rel}","templated":true}]}}