{"id":3767,"date":"2026-01-21T16:47:29","date_gmt":"2026-01-21T16:47:29","guid":{"rendered":"https:\/\/criteriumdiagnosticos.com.br\/blog\/?p=3767"},"modified":"2026-01-21T16:47:29","modified_gmt":"2026-01-21T16:47:29","slug":"sao-camilo-imagem-fortaleza-agora-e-criterium-diagnosticos-mudanca-de-nome-reforca-precisao-e-qualidade-em-diagnostico-por-imagem","status":"publish","type":"post","link":"https:\/\/criteriumdiagnosticos.com.br\/blog\/sao-camilo-imagem-fortaleza-agora-e-criterium-diagnosticos-mudanca-de-nome-reforca-precisao-e-qualidade-em-diagnostico-por-imagem\/","title":{"rendered":"S\u00e3o Camilo Imagem Fortaleza agora \u00e9 Criterium Diagn\u00f3sticos: mudan\u00e7a de nome refor\u00e7a precis\u00e3o e qualidade em Diagn\u00f3stico por Imagem"},"content":{"rendered":"\n<p>O S\u00e3o Camilo Imagem anuncia sua nova identidade institucional e passa a se chamar Criterium Diagn\u00f3sticos, marcando um novo cap\u00edtulo na sua trajet\u00f3ria de excel\u00eancia em sa\u00fade. A atualiza\u00e7\u00e3o representa um avan\u00e7o estrat\u00e9gico no posicionamento da marca, que segue fortalecendo sua atua\u00e7\u00e3o como refer\u00eancia em <strong>Tomografia Computadorizada<\/strong>, <strong>Resson\u00e2ncia Magn\u00e9tica<\/strong> e demais exames de Diagn\u00f3stico por Imagem.<\/p>\n\n\n\n<p>A escolha do nome Criterium reflete o compromisso central da institui\u00e7\u00e3o: atuar com crit\u00e9rio, precis\u00e3o e responsabilidade em cada etapa do cuidado. A nova identidade expressa de forma mais clara o rigor t\u00e9cnico que sempre orientou o trabalho da nossa equipe, sem alterar a estrutura, os servi\u00e7os oferecidos ou o padr\u00e3o de qualidade que consolidou a confian\u00e7a de pacientes e m\u00e9dicos parceiros.<\/p>\n\n\n\n<p>A moderniza\u00e7\u00e3o da marca acompanha importantes investimentos em tecnologia, infraestrutura e processos internos. A Criterium Diagn\u00f3sticos segue ampliando sua capacidade diagn\u00f3stica com equipamentos modernos, especialmente nas \u00e1reas de <strong>Tomografia Computadorizada<\/strong> e <strong>Resson\u00e2ncia Magn\u00e9tica<\/strong>, essenciais para gerar imagens detalhadas e laudos precisos e seguros.<\/p>\n\n\n\n<p>A Cl\u00ednica \u00e9 liderada pelo M\u00e9dico Radiologista, Dr Carlos Macedo, com forma\u00e7\u00e3o pelo Hospital S\u00edrio-Liban\u00eas, INRAD-USP e Fellowship Internacional em Vancouver no Canad\u00e1, tamb\u00e9m com atua\u00e7\u00e3o no Hospital Albert Einstein (SP). De acordo com o Radiologista Chefe a atualiza\u00e7\u00e3o do nome fortalece a miss\u00e3o da institui\u00e7\u00e3o: \u201cO que nos define \u00e9 o cuidado com precis\u00e3o, a responsabilidade no diagn\u00f3stico e o respeito ao paciente. A marca Criterium representa exatamente esses pilares e refor\u00e7a a maturidade do nosso trabalho\u201d.<\/p>\n\n\n\n<p>Os servi\u00e7os continuam funcionando plenamente, com a mesma equipe especializada, o mesmo corpo t\u00e9cnico e o mesmo modelo de atendimento humanizado que caracterizam a institui\u00e7\u00e3o. A nova identidade consolida um movimento que busca comunicar de forma mais clara o prop\u00f3sito e a expertise que j\u00e1 fazem parte da trajet\u00f3ria da empresa.<\/p>\n","protected":false},"excerpt":{"rendered":"<p>O S\u00e3o Camilo Imagem anuncia sua nova identidade institucional e passa a se chamar Criterium Diagn\u00f3sticos, marcando um novo cap\u00edtulo na sua trajet\u00f3ria de excel\u00eancia&#8230;<\/p>\n","protected":false},"author":1,"featured_media":3828,"comment_status":"open","ping_status":"open","sticky":false,"template":"","format":"standard","meta":{"_joinchat":[],"footnotes":""},"categories":[3],"tags":[],"class_list":["post-3767","post","type-post","status-publish","format-standard","has-post-thumbnail","hentry","category-institucional"],"_links":{"self":[{"href":"https:\/\/criteriumdiagnosticos.com.br\/blog\/wp-json\/wp\/v2\/posts\/3767","targetHints":{"allow":["GET"]}}],"collection":[{"href":"https:\/\/criteriumdiagnosticos.com.br\/blog\/wp-json\/wp\/v2\/posts"}],"about":[{"href":"https:\/\/criteriumdiagnosticos.com.br\/blog\/wp-json\/wp\/v2\/types\/post"}],"author":[{"embeddable":true,"href":"https:\/\/criteriumdiagnosticos.com.br\/blog\/wp-json\/wp\/v2\/users\/1"}],"replies":[{"embeddable":true,"href":"https:\/\/criteriumdiagnosticos.com.br\/blog\/wp-json\/wp\/v2\/comments?post=3767"}],"version-history":[{"count":0,"href":"https:\/\/criteriumdiagnosticos.com.br\/blog\/wp-json\/wp\/v2\/posts\/3767\/revisions"}],"wp:featuredmedia":[{"embeddable":true,"href":"https:\/\/criteriumdiagnosticos.com.br\/blog\/wp-json\/wp\/v2\/media\/3828"}],"wp:attachment":[{"href":"https:\/\/criteriumdiagnosticos.com.br\/blog\/wp-json\/wp\/v2\/media?parent=3767"}],"wp:term":[{"taxonomy":"category","embeddable":true,"href":"https:\/\/criteriumdiagnosticos.com.br\/blog\/wp-json\/wp\/v2\/categories?post=3767"},{"taxonomy":"post_tag","embeddable":true,"href":"https:\/\/criteriumdiagnosticos.com.br\/blog\/wp-json\/wp\/v2\/tags?post=3767"}],"curies":[{"name":"wp","href":"https:\/\/api.w.org\/{rel}","templated":true}]}}