{"id":3638,"date":"2024-09-06T10:00:00","date_gmt":"2024-09-06T13:00:00","guid":{"rendered":"https:\/\/www.saocamiloimagem.com.br\/?p=3638"},"modified":"2024-09-06T10:00:00","modified_gmt":"2024-09-06T13:00:00","slug":"para-que-serve-uma-tomografia-da-face","status":"publish","type":"post","link":"https:\/\/criteriumdiagnosticos.com.br\/blog\/para-que-serve-uma-tomografia-da-face\/","title":{"rendered":"Para que serve uma tomografia da face?"},"content":{"rendered":"\n<p>A tomografia da face \u00e9 uma ferramenta diagn\u00f3stica avan\u00e7ada que proporciona uma vis\u00e3o detalhada das estruturas faciais, permitindo a avalia\u00e7\u00e3o precisa de diversas condi\u00e7\u00f5es m\u00e9dicas. Vamos explorar as principais aplica\u00e7\u00f5es e a relev\u00e2ncia desse exame na pr\u00e1tica m\u00e9dica.<\/p>\n\n\n\n<p><strong>Diagn\u00f3stico de Sinusite e Outras Doen\u00e7as Nasossinusais<\/strong><\/p>\n\n\n\n<p>\u00c9 frequentemente utilizada para avaliar os seios paranasais, sendo especialmente \u00fatil no diagn\u00f3stico de sinusite e outras condi\u00e7\u00f5es nasossinusais. Essa t\u00e9cnica oferece imagens detalhadas que ajudam os profissionais de sa\u00fade a identificar inflama\u00e7\u00f5es, infec\u00e7\u00f5es ou bloqueios nas cavidades sinusais.<\/p>\n\n\n\n<p><strong>Avalia\u00e7\u00e3o de Fraturas Faciais<\/strong><\/p>\n\n\n\n<p>Em casos de trauma facial, como acidentes de carro ou quedas, a tomografia da face \u00e9 essencial para avaliar e identificar fraturas nos ossos faciais. Isso \u00e9 fundamental para um plano de tratamento preciso e a preven\u00e7\u00e3o de complica\u00e7\u00f5es.<\/p>\n\n\n\n<p><strong>Detec\u00e7\u00e3o de Anomalias Craniofaciais<\/strong><\/p>\n\n\n\n<p>A t\u00e9cnica \u00e9 valiosa na detec\u00e7\u00e3o de anomalias craniofaciais cong\u00eanitas ou adquiridas, permitindo uma avalia\u00e7\u00e3o completa da estrutura \u00f3ssea e tecidos moles da face.<\/p>\n\n\n\n<p><strong>Investiga\u00e7\u00e3o de Doen\u00e7as Dent\u00e1rias e Maxilofaciais<\/strong><\/p>\n\n\n\n<p>A tomografia da face \u00e9 \u00fatil na avalia\u00e7\u00e3o de condi\u00e7\u00f5es dent\u00e1rias complexas, como infec\u00e7\u00f5es, abscessos e cistos, al\u00e9m de fornecer informa\u00e7\u00f5es detalhadas para procedimentos cir\u00fargicos maxilofaciais.<\/p>\n\n\n\n<p><strong>Planejamento de Cirurgias Bucomaxilofaciais<\/strong><\/p>\n\n\n\n<p>Em procedimentos cir\u00fargicos bucomaxilofaciais, como cirurgias ortogn\u00e1ticas, a tomografia da face \u00e9 utilizada para o planejamento pr\u00e9-operat\u00f3rio. Ela oferece uma vis\u00e3o tridimensional das estruturas faciais, permitindo uma abordagem mais precisa e personalizada.<\/p>\n\n\n\n<p><strong>Gostaria de Realizar uma Tomografia da Face?<\/strong><\/p>\n\n\n\n<p>Se voc\u00ea est\u00e1 enfrentando sintomas faciais, precisa de uma avalia\u00e7\u00e3o espec\u00edfica ou seu m\u00e9dico recomendou uma tomografia da face, estamos aqui para fornecer um servi\u00e7o de qualidade. No S\u00e3o Camilo Imagem, comprometemo-nos a oferecer tecnologia de ponta para garantir um diagn\u00f3stico preciso e cuidados personalizados.<\/p>\n\n\n\n<p>Entre em contato conosco para agendar sua tomografia da face ou para obter mais informa\u00e7\u00f5es sobre como esse exame pode beneficiar a sua sa\u00fade facial. Estamos aqui para fornecer suporte e orienta\u00e7\u00e3o em cada etapa do processo, priorizando o seu bem-estar facial. <strong>No S\u00e3o Camilo Imagem voc\u00ea encontra tecnologia e sofistica\u00e7\u00e3o para a realiza\u00e7\u00e3o dos seus exames de imagem.\u00a0<a href=\"https:\/\/api.whatsapp.com\/send?phone=5585991855543&amp;text=Oi%2C%20gostaria%20de%20agendar%20um%20exame%2C%20quais%20os%20dias%20e%20hor%C3%A1rios%20dispon%C3%ADveis%3F\">Entre em contato conosco atrav\u00e9s do nosso WhatsApp..<\/a><\/strong><\/p>\n","protected":false},"excerpt":{"rendered":"<p>A tomografia da face \u00e9 uma ferramenta diagn\u00f3stica avan\u00e7ada que proporciona uma vis\u00e3o detalhada das estruturas faciais, permitindo a avalia\u00e7\u00e3o precisa de diversas condi\u00e7\u00f5es m\u00e9dicas&#8230;.<\/p>\n","protected":false},"author":2,"featured_media":3829,"comment_status":"open","ping_status":"open","sticky":false,"template":"","format":"standard","meta":{"_joinchat":[],"footnotes":""},"categories":[7],"tags":[],"class_list":["post-3638","post","type-post","status-publish","format-standard","has-post-thumbnail","hentry","category-sem-categoria"],"_links":{"self":[{"href":"https:\/\/criteriumdiagnosticos.com.br\/blog\/wp-json\/wp\/v2\/posts\/3638","targetHints":{"allow":["GET"]}}],"collection":[{"href":"https:\/\/criteriumdiagnosticos.com.br\/blog\/wp-json\/wp\/v2\/posts"}],"about":[{"href":"https:\/\/criteriumdiagnosticos.com.br\/blog\/wp-json\/wp\/v2\/types\/post"}],"author":[{"embeddable":true,"href":"https:\/\/criteriumdiagnosticos.com.br\/blog\/wp-json\/wp\/v2\/users\/2"}],"replies":[{"embeddable":true,"href":"https:\/\/criteriumdiagnosticos.com.br\/blog\/wp-json\/wp\/v2\/comments?post=3638"}],"version-history":[{"count":0,"href":"https:\/\/criteriumdiagnosticos.com.br\/blog\/wp-json\/wp\/v2\/posts\/3638\/revisions"}],"wp:featuredmedia":[{"embeddable":true,"href":"https:\/\/criteriumdiagnosticos.com.br\/blog\/wp-json\/wp\/v2\/media\/3829"}],"wp:attachment":[{"href":"https:\/\/criteriumdiagnosticos.com.br\/blog\/wp-json\/wp\/v2\/media?parent=3638"}],"wp:term":[{"taxonomy":"category","embeddable":true,"href":"https:\/\/criteriumdiagnosticos.com.br\/blog\/wp-json\/wp\/v2\/categories?post=3638"},{"taxonomy":"post_tag","embeddable":true,"href":"https:\/\/criteriumdiagnosticos.com.br\/blog\/wp-json\/wp\/v2\/tags?post=3638"}],"curies":[{"name":"wp","href":"https:\/\/api.w.org\/{rel}","templated":true}]}}