{"id":3614,"date":"2024-08-19T08:00:00","date_gmt":"2024-08-19T11:00:00","guid":{"rendered":"https:\/\/www.saocamiloimagem.com.br\/?p=3614"},"modified":"2024-08-19T08:00:00","modified_gmt":"2024-08-19T11:00:00","slug":"ressonancia-magnetica-do-cranio-para-que-serve","status":"publish","type":"post","link":"https:\/\/criteriumdiagnosticos.com.br\/blog\/ressonancia-magnetica-do-cranio-para-que-serve\/","title":{"rendered":"Resson\u00e2ncia Magn\u00e9tica do cr\u00e2nio: para que serve?"},"content":{"rendered":"\n<p>A Resson\u00e2ncia Magn\u00e9tica (RM) do cr\u00e2nio \u00e9 uma ferramenta revolucion\u00e1ria que desvenda os segredos do \u00f3rg\u00e3o mais complexo do nosso corpo &#8211; o c\u00e9rebro. Este exame n\u00e3o invasivo utiliza um poderoso campo magn\u00e9tico e ondas de r\u00e1dio para criar imagens detalhadas do interior do cr\u00e2nio, permitindo diagn\u00f3sticos precisos e uma compreens\u00e3o aprofundada das condi\u00e7\u00f5es neurol\u00f3gicas.<\/p>\n\n\n\n<p class=\"has-large-font-size\"><strong>Para que Serve a Resson\u00e2ncia Magn\u00e9tica do Cr\u00e2nio?<\/strong><\/p>\n\n\n\n<p class=\"has-medium-font-size\"><strong>Detec\u00e7\u00e3o de Anomalias e Les\u00f5es:<\/strong> A RM craniana \u00e9 frequentemente utilizada para identificar anormalidades estruturais, como tumores, malforma\u00e7\u00f5es cong\u00eanitas e les\u00f5es cerebrais. As imagens n\u00edtidas fornecem aos m\u00e9dicos uma vis\u00e3o clara do c\u00e9rebro, permitindo um diagn\u00f3stico precoce e preciso.<\/p>\n\n\n\n<p class=\"has-medium-font-size\"><strong>Avalia\u00e7\u00e3o de Doen\u00e7as Vasculares: <\/strong>A t\u00e9cnica tamb\u00e9m \u00e9 valiosa na detec\u00e7\u00e3o de problemas vasculares, como aneurismas e obstru\u00e7\u00f5es. As imagens detalhadas da circula\u00e7\u00e3o sangu\u00ednea no c\u00e9rebro auxiliam os profissionais de sa\u00fade a planejar interven\u00e7\u00f5es cir\u00fargicas ou outros tratamentos.<\/p>\n\n\n\n<p class=\"has-medium-font-size\"><strong>Diagn\u00f3stico de Dist\u00farbios Neurol\u00f3gicos atrav\u00e9s da Resson\u00e2ncia Magn\u00e9tica do cr\u00e2nio: <\/strong>Doen\u00e7as como esclerose m\u00faltipla, Alzheimer e acidente vascular cerebral podem ser diagnosticadas e monitoradas por meio da Resson\u00e2ncia Magn\u00e9tica. A capacidade de observar altera\u00e7\u00f5es sutis no tecido cerebral \u00e9 crucial para a compreens\u00e3o dessas condi\u00e7\u00f5es.<\/p>\n\n\n\n<p class=\"has-medium-font-size\"><strong>Acompanhamento de Tratamentos: <\/strong>Pacientes em tratamento para condi\u00e7\u00f5es neurol\u00f3gicas podem se beneficiar da RM para avaliar a efic\u00e1cia dos medicamentos ou procedimentos. Isso permite ajustes r\u00e1pidos e personalizados no plano de tratamento.<\/p>\n\n\n\n<p class=\"has-large-font-size\"><strong>Gostaria de Receber Mais Informa\u00e7\u00f5es sobre o Exame de Resson\u00e2ncia Magn\u00e9tica do cr\u00e2nio?<\/strong><\/p>\n\n\n\n<p>A Resson\u00e2ncia Magn\u00e9tica do cr\u00e2nio \u00e9 uma ferramenta essencial na medicina moderna, proporcionando insights inestim\u00e1veis para o diagn\u00f3stico e tratamento de uma variedade de condi\u00e7\u00f5es neurol\u00f3gicas. Se voc\u00ea est\u00e1 interessado em saber mais sobre este exame ou se precisa agendar um, entre em contato conosco.<\/p>\n\n\n\n<p class=\"has-large-font-size\"><\/p>\n\n\n\n<h2 class=\"wp-block-heading has-medium-font-size\"><strong>Entre em contato conosco.<\/strong><\/h2>\n\n\n\n<p>Possui alguma d\u00favida sobre o exame de Resson\u00e2ncia Magn\u00e1tica? Entre em contato conosco atrav\u00e9s do nosso WhatsApp. No S\u00e3o Camilo Imagem voc\u00ea encontra tecnologia e sofistica\u00e7\u00e3o para a realiza\u00e7\u00e3o dos seus exames de imagem.<\/p>\n","protected":false},"excerpt":{"rendered":"<p>Resson\u00e2ncia Magn\u00e9tica do cr\u00e2nio<\/p>\n","protected":false},"author":2,"featured_media":3844,"comment_status":"open","ping_status":"open","sticky":false,"template":"","format":"standard","meta":{"_joinchat":[],"footnotes":""},"categories":[7],"tags":[36,62,72,75],"class_list":["post-3614","post","type-post","status-publish","format-standard","has-post-thumbnail","hentry","category-sem-categoria","tag-exame-ressonancia","tag-ressonancia","tag-ressonancia-de-cranio","tag-ressonancia-fortaleza"],"_links":{"self":[{"href":"https:\/\/criteriumdiagnosticos.com.br\/blog\/wp-json\/wp\/v2\/posts\/3614","targetHints":{"allow":["GET"]}}],"collection":[{"href":"https:\/\/criteriumdiagnosticos.com.br\/blog\/wp-json\/wp\/v2\/posts"}],"about":[{"href":"https:\/\/criteriumdiagnosticos.com.br\/blog\/wp-json\/wp\/v2\/types\/post"}],"author":[{"embeddable":true,"href":"https:\/\/criteriumdiagnosticos.com.br\/blog\/wp-json\/wp\/v2\/users\/2"}],"replies":[{"embeddable":true,"href":"https:\/\/criteriumdiagnosticos.com.br\/blog\/wp-json\/wp\/v2\/comments?post=3614"}],"version-history":[{"count":0,"href":"https:\/\/criteriumdiagnosticos.com.br\/blog\/wp-json\/wp\/v2\/posts\/3614\/revisions"}],"wp:featuredmedia":[{"embeddable":true,"href":"https:\/\/criteriumdiagnosticos.com.br\/blog\/wp-json\/wp\/v2\/media\/3844"}],"wp:attachment":[{"href":"https:\/\/criteriumdiagnosticos.com.br\/blog\/wp-json\/wp\/v2\/media?parent=3614"}],"wp:term":[{"taxonomy":"category","embeddable":true,"href":"https:\/\/criteriumdiagnosticos.com.br\/blog\/wp-json\/wp\/v2\/categories?post=3614"},{"taxonomy":"post_tag","embeddable":true,"href":"https:\/\/criteriumdiagnosticos.com.br\/blog\/wp-json\/wp\/v2\/tags?post=3614"}],"curies":[{"name":"wp","href":"https:\/\/api.w.org\/{rel}","templated":true}]}}